{"id":8872,"date":"2024-09-25T06:00:16","date_gmt":"2024-09-25T04:00:16","guid":{"rendered":"https:\/\/blog.fuerte-group.com\/marbella-walking-cycling-routes\/"},"modified":"2026-08-18T15:35:17","modified_gmt":"2026-08-18T13:35:17","slug":"marbella-walking-cycling-routes","status":"publish","type":"post","link":"https:\/\/blog.fuerte-group.com\/de\/marbella-walking-cycling-routes\/","title":{"rendered":"Entdecken Sie die besten M\u00f6glichkeiten, Marbella zu Fu\u00df und per Pedal zu erkunden"},"content":{"rendered":"\n<p class=\"wp-block-paragraph\">Es gibt kaum etwas Angenehmeres und Entspannenderes als Turismus in Marbella. Dank der au\u00dfergew\u00f6hnlichen Lage zwischen Meer und Bergen <strong>ist es ein idealer Ort f\u00fcr diejenigen, die sowohl das Wandern in Marbella als auch das Radfahren in Marbella erleben wollen<\/strong>. Marbella bietet immer etwas f\u00fcr jeden, denn nur Marbella bietet derart sch\u00f6ne Ecken, in welchen man sich im Freien sportlich bet\u00e4tigen kann: die wundersch\u00f6nen Str\u00e4nde des Mittelmeers, die sich am Fu\u00dfe der Sierra Blanca erstrecken, und die beeindruckende Kulisse des Berges La Concha im Hintergrund, die alle Liebhaber von Trailrunning oder Radrouten in den Bann ziehen wird. Marbella begeistert f\u00fcr viele Dinge, und der Outdoor-Sport ist nur einer davon.<\/p>\n\n\n\n<p class=\"wp-block-paragraph\">&nbsp;<\/p>\n\n\n\n<h2 class=\"wp-block-heading\">Wanderwege in Marbella<\/h2>\n\n\n\n<p class=\"wp-block-paragraph\">&nbsp;<\/p>\n\n\n\n<figure class=\"wp-block-image size-full\"><img fetchpriority=\"high\" decoding=\"async\" width=\"1000\" height=\"600\" src=\"https:\/\/blog.fuerte-group.com\/wp-content\/uploads\/2024\/09\/senderismo-marbella-la-concha-cartel.jpg\" alt=\"Senderismo Marbella - La Concha cartel\n\" class=\"wp-image-11075\" srcset=\"https:\/\/blog.fuerte-group.com\/wp-content\/uploads\/2024\/09\/senderismo-marbella-la-concha-cartel.jpg 1000w, https:\/\/blog.fuerte-group.com\/wp-content\/uploads\/2024\/09\/senderismo-marbella-la-concha-cartel-300x180.jpg 300w, https:\/\/blog.fuerte-group.com\/wp-content\/uploads\/2024\/09\/senderismo-marbella-la-concha-cartel-768x461.jpg 768w\" sizes=\"(max-width: 1000px) 100vw, 1000px\" \/><\/figure>\n\n\n\n<p class=\"wp-block-paragraph\"><\/p>\n\n\n\n<p class=\"wp-block-paragraph\">Marbella bietet eine gro\u00dfe Auswahl an Routen und Wanderwegen mit unterschiedlichen Schwierigkeitsgraden und ist damit ein ideales Ziel f\u00fcr alle Naturliebhaber. Viele dieser Wege sind ausgeschildert, wobei der Schwierigkeitsgrad und die Beschaffenheit des Gel\u00e4ndes je nach Route variieren. Wir stellen euch einige der interessantesten vor:<\/p>\n\n\n\n<p class=\"wp-block-paragraph\">&nbsp;<\/p>\n\n\n\n<h3 class=\"wp-block-heading\"><strong>Refugio de Juanar \u2013 La Concha<\/strong><\/h3>\n\n\n\n<p class=\"wp-block-paragraph\">&nbsp;<\/p>\n\n\n\n<p class=\"wp-block-paragraph\">Diese Route f\u00fchrt von der Finca del Juanar (Oj\u00e9n) zu einem der interessantesten Gipfel der Sierra Blanca, dem bekannten La Concha. Der Wanderweg Juanar\u2013La Concha PR-A 168 ist f\u00fcr den Hinweg etwa 7 Kilometer lang und dauert pro Strecke sch\u00e4tzungsweise rund 3 Stunden und 30 Minuten. Der Schwierigkeitsgrad ist mittel bis anspruchsvoll.<\/p>\n\n\n\n<p class=\"wp-block-paragraph\">Entlang dieser Route kann man verschiedene, interessante Landschaften bewundern, wie etwa einen weitl\u00e4ufigen Olivenhain, einen dichten Kiefernwald und ein Meer aus Farnen. Vereinzelt wachsen hier auch andere B\u00e4ume, die sich den Klimabedingungen gut anpassen k\u00f6nnen. Was die Tierwelt betrifft, gibt es in der Region viele gro\u00dfe S\u00e4ugetiere, wie die Iberischen Steinb\u00f6cke, F\u00fcchse, Wildschweine und auch Rehe. Sehr h\u00e4ufig sind auch Greifv\u00f6gel wie der Habichtsadler, der Wanderfalke oder der H\u00fchnerhabicht.<\/p>\n\n\n\n<p class=\"wp-block-paragraph\">An einigen Stellen der Route ist besondere Vorsicht geboten, darunter am Salto del Lobo sowie auf den ausgesetzteren Abschnitten in der N\u00e4he von La Concha.<\/p>\n\n\n\n<p class=\"wp-block-paragraph\"><a href=\"http:\/\/www.wikiloc.com\/wikiloc\/view.do?id=12009752\" target=\"_blank\" rel=\"noopener\">Besuchen Sie Wikiloc<\/a>, die GPS-Position-Sharing-Community<\/p>\n\n\n\n<p class=\"wp-block-paragraph\">&nbsp;<\/p>\n\n\n\n<figure class=\"wp-block-image\"><img decoding=\"async\" src=\"https:\/\/blog.fuerte-group.com\/wp-content\/uploads\/2020\/03\/senderismo-marbella.jpg\" alt=\"Senderismo Marbella\"\/><\/figure>\n\n\n\n<p class=\"wp-block-paragraph\"><\/p>\n\n\n\n<h3 class=\"wp-block-heading\"><strong>La Vereda del Faro<\/strong><\/h3>\n\n\n\n<p class=\"wp-block-paragraph\">&nbsp;<\/p>\n\n\n\n<p class=\"wp-block-paragraph\">Die Vereda del Faro liegt in der Sierra Blanca. Der Rundweg ist 6,3 km lang und f\u00fcr die gesamte Strecke sollte man etwa 3 Stunden und 20 Minuten einplanen. Man kann die Route jedoch auch in einem gem\u00fctlicheren Tempo zur\u00fccklegen, um jeden Abschnitt des Weges, seine Pflanzenwelt und die abwechslungsreichen Landschaften in Ruhe zu genie\u00dfen.<\/p>\n\n\n\n<p class=\"wp-block-paragraph\">Der Rundweg lockt mit herrlichen Landschaften wie dem Mirador de los Gitanos, dem Puerto del Pino oder dem Puerto de las Pitas. Hier lohnt es sich, eine Pause einzulegen und in Ruhe die Erhabenheit dieses Berges zu bewundern.<\/p>\n\n\n\n<p class=\"wp-block-paragraph\"><a href=\"http:\/\/www.wikiloc.com\/wikiloc\/view.do?id=1561962\" target=\"_blank\" rel=\"noopener\">Besuchen Sie Wikiloc<\/a>, die GPS-Position-Sharing-Community<\/p>\n\n\n\n<p class=\"wp-block-paragraph\">&nbsp;<\/p>\n\n\n\n<figure class=\"wp-block-image size-full\"><img decoding=\"async\" width=\"1000\" height=\"600\" src=\"https:\/\/blog.fuerte-group.com\/wp-content\/uploads\/2024\/09\/senderismo-marbella.jpg\" alt=\"Senderismo en Marbella\n\" class=\"wp-image-11083\" srcset=\"https:\/\/blog.fuerte-group.com\/wp-content\/uploads\/2024\/09\/senderismo-marbella.jpg 1000w, https:\/\/blog.fuerte-group.com\/wp-content\/uploads\/2024\/09\/senderismo-marbella-300x180.jpg 300w, https:\/\/blog.fuerte-group.com\/wp-content\/uploads\/2024\/09\/senderismo-marbella-768x461.jpg 768w\" sizes=\"(max-width: 1000px) 100vw, 1000px\" \/><\/figure>\n\n\n\n<p class=\"wp-block-paragraph\"><\/p>\n\n\n\n<h3 class=\"wp-block-heading\"><strong>Ruta del Pozuelo and Viborilla<\/strong><\/h3>\n\n\n\n<p class=\"wp-block-paragraph\">&nbsp;<\/p>\n\n\n\n<p class=\"wp-block-paragraph\">Die Strecke ist auch bekannt als der <strong>Weg von Jos\u00e9 Lima<\/strong>, einem F\u00f6rster, der der Sierra viele Jahre lang diente. Diese Strecke geht aus einem <em>alten Jagdpfad<\/em> hervor.<\/p>\n\n\n\n<p class=\"wp-block-paragraph\">Der Weg geht anfangs im Zickzack bergauf. Wenn man jedoch einmal den Hafen erreicht hat, wir die M\u00fche mit einem wundervollen Ausblick belohnt. Auch folgt hier nun ein angenehmer Wanderweg, der ziemlich flach am Bergkamm entlang verl\u00e4uft und durch einen kleinen Wald mit Spanischen Tannen f\u00fchrt.&nbsp;Die Wanderung kann zu jeder Zeit des Jahres durchgef\u00fchrt werden. Es ist empfehlenswert, sie an einem klaren Tag zu machen, damit man die Aussicht genie\u00dfen kann. Dies ist eine gem\u00fctliche Tour und entlang der Strecke hat man gute Chancen, Steinb\u00f6cke zu beobachten.<\/p>\n\n\n\n<p class=\"wp-block-paragraph\"><a href=\"http:\/\/www.wikiloc.com\/wikiloc\/view.do?id=12040008\" target=\"_blank\" rel=\"noopener\">Besuchen Sie Wikiloc<\/a>, die GPS-Position-Sharing-Community<\/p>\n\n\n\n<p class=\"wp-block-paragraph\">&nbsp;&nbsp;<\/p>\n\n\n\n<p class=\"wp-block-paragraph\">&nbsp;<\/p>\n\n\n\n<h2 class=\"wp-block-heading\"><strong>Radtouren<\/strong><strong> in Marbella<\/strong><\/h2>\n\n\n\n<p class=\"wp-block-paragraph\">&nbsp;<\/p>\n\n\n\n<figure class=\"wp-block-image\"><img decoding=\"async\" src=\"https:\/\/blog.fuerte-group.com\/wp-content\/uploads\/2016\/04\/cycling-marbella-2.jpg\" alt=\"Radtouren in Marbella\" title=\"Radtouren in Marbella\"\/><\/figure>\n\n\n\n<p class=\"wp-block-paragraph\"><\/p>\n\n\n\n<p class=\"wp-block-paragraph\">Wenn Sie nach Marbella kommen, dann \u00fcberlegen Sie sich doch, ein Fahrrad zu mieten. Dies ist eine gesunde Art des Reisens und der perfekte Moment zum Trainieren, wenn Sie diesen Sport m\u00f6gen. Entdecken Sie mit uns drei Routen, die Sie \u00fcberraschen werden:<\/p>\n\n\n\n<p class=\"wp-block-paragraph\">&nbsp;<\/p>\n\n\n\n<h3 class=\"wp-block-heading\"><strong>Aufstieg zum Juanar<\/strong><\/h3>\n\n\n\n<p class=\"wp-block-paragraph\">&nbsp;<\/p>\n\n\n\n<p class=\"wp-block-paragraph\">Eine davon ist der Aufstieg von Marbella zum Refugio de El Juanar. Der Weg ist 34 Kilometer lang und dauert etwa zwei Stunden. Der Ausgangspunkt befindet sich in der Stra\u00dfe Padre Paco Ostos auf der Seite der Busstation von Marbella. Die Landschaft dieser Umgebung wird Sie \u00fcberraschen.<\/p>\n\n\n\n<p class=\"wp-block-paragraph\">Bei dieser Strecke k\u00f6nnen Sie den Blick schweifen lassen \u00fcber einen gro\u00dfen mediterranen Wald mit Bergeichen, Korkeichen, Steineichen, Kiefern, Agaven und Feigenkaktusse, die bis zum Rande der Stra\u00dfe reichen. Was die Tierwelt der Region betrifft, sind insbesondere der Iberische Steinbock, eine der charakteristischsten Arten der Sierra Blanca, sowie der Steinadler hervorzuheben.<\/p>\n\n\n\n<p class=\"wp-block-paragraph\">Am Ziel angekommen, kannst du den Aussichtspunkt Mirador del Macho Mont\u00e9s besuchen, der \u00fcber einen breiten unbefestigten Weg erreichbar ist. Von hier aus hast du einen sch\u00f6nen Blick auf das Mittelmeer und Marbella zu deinen F\u00fc\u00dfen sowie auf ein Denkmal, das dem Iberischen Steinbock gewidmet ist.<\/p>\n\n\n\n<p class=\"wp-block-paragraph\"><a href=\"http:\/\/www.wikiloc.com\/wikiloc\/view.do?id=11236880\" target=\"_blank\" rel=\"noopener\">Besuchen Sie Wikiloc<\/a>, die GPS-Position-Sharing-Community<\/p>\n\n\n\n<p class=\"wp-block-paragraph\">&nbsp;<\/p>\n\n\n\n<figure class=\"wp-block-image\"><img decoding=\"async\" src=\"https:\/\/blog.fuerte-group.com\/wp-content\/uploads\/2020\/03\/promenade-marbella-2.jpg\" alt=\"Marbella Promenade\"\/><\/figure>\n\n\n\n<p class=\"wp-block-paragraph\"><\/p>\n\n\n\n<p class=\"wp-block-paragraph\">&nbsp;<\/p>\n\n\n\n<h3 class=\"wp-block-heading\"><strong>Marbella &#8211; San Pedro Alc\u00e1ntara<\/strong><\/h3>\n\n\n\n<p class=\"wp-block-paragraph\">&nbsp;<\/p>\n\n\n\n<p class=\"wp-block-paragraph\">Die Strandpromenade verl\u00e4uft entlang eines gro\u00dfen Teils der K\u00fcste zwischen Marbella und San Pedro Alc\u00e1ntara und f\u00fchrt dabei auch durch Puerto Ban\u00fas. Wenn du die Strecke mit dem Fahrrad zur\u00fccklegst, solltest du beachten, dass das Radfahren auf bestimmten Abschnitten geregelt ist und Einschr\u00e4nkungen unterliegen kann. Achte daher auf die vorhandene Beschilderung. Wenn Sie gerne eine ruhige Tour am Meer entlang machen m\u00f6chten, dann ist dies die beste Option. Zudem k\u00f6nnen Sie bei dieser Strecke die ganze Zeit das Meer von Ihrem Fahrrad aus \u00fcberblicken.<\/p>\n\n\n\n<p class=\"wp-block-paragraph\"><a href=\"http:\/\/www.wikiloc.com\/wikiloc\/view.do?id=5238250Wikiloc\" target=\"_blank\" rel=\"noopener\">Besuchen Sie Wikiloc<\/a>, die GPS-Position-Sharing-Community<\/p>\n\n\n\n<p class=\"wp-block-paragraph\">&nbsp;<\/p>\n\n\n\n<figure class=\"wp-block-image size-full\"><img decoding=\"async\" width=\"1000\" height=\"600\" src=\"https:\/\/blog.fuerte-group.com\/wp-content\/uploads\/2024\/09\/istan-embalse.jpg\" alt=\"embalse de Ist\u00e1n\" class=\"wp-image-11094\" srcset=\"https:\/\/blog.fuerte-group.com\/wp-content\/uploads\/2024\/09\/istan-embalse.jpg 1000w, https:\/\/blog.fuerte-group.com\/wp-content\/uploads\/2024\/09\/istan-embalse-300x180.jpg 300w, https:\/\/blog.fuerte-group.com\/wp-content\/uploads\/2024\/09\/istan-embalse-768x461.jpg 768w\" sizes=\"(max-width: 1000px) 100vw, 1000px\" \/><\/figure>\n\n\n\n<p class=\"wp-block-paragraph\"><\/p>\n\n\n\n<h3 class=\"wp-block-heading\"><strong>San Pedro Alc\u00e1ntara &#8211; Ist\u00e1n &#8211; R\u00edo Verde<\/strong><\/h3>\n\n\n\n<p class=\"wp-block-paragraph\">&nbsp;<\/p>\n\n\n\n<p class=\"wp-block-paragraph\">Diese Route ist etwa 65 Kilometer lang und weist einen hohen Schwierigkeitsgrad auf. Sie wird daher erfahrenen Mountainbikern mit guter Kondition empfohlen.<\/p>\n\n\n\n<p class=\"wp-block-paragraph\">Der Ausgangspunkt ist der Hipercor de San Pedro Alc\u00e1ntara und Sie m\u00fcssen in Richtung der Stra\u00dfe von Ist\u00e1n fahren. Es handelt sich um eine Bergstra\u00dfe, weshalb die Kurven hier die Hauptdarsteller sind. An einem Punkt des Weges treffen Sie auf die Brunnen von Ist\u00e1n und danach folgt ein kleiner Abstieg, um Luft zu schnappen. Danach erreichen Sie die Zone des R\u00edo Verde, wo Sie besonders aufpassen m\u00fcssen, wegen der Feuchtigkeit des Weges. Treten Sie weiter in die Pedale und treffen Sie am Puerto de la Refriega ein, von wo aus sich Ihnen ein eindrucksvoller Ausblick bietet. Nachdem Sie den Quell des Wasserfalls Hoyo del Bote gefunden haben, k\u00f6nnen Sie eine Pause einlegen und danach wieder in Richtung San Pedro aufbrechen.<\/p>\n\n\n\n<p class=\"wp-block-paragraph\">Die Strecke f\u00fchrt sowohl \u00fcber asphaltierte Stra\u00dfen als auch \u00fcber Wege in unterschiedlichem Zustand. Auf einigen Abschnitten mit losem Untergrund kann es notwendig sein, vom Fahrrad abzusteigen.<\/p>\n\n\n\n<p class=\"wp-block-paragraph\"><a href=\"http:\/\/www.wikiloc.com\/wikiloc\/view.do?id=1619024\" target=\"_blank\" rel=\"noopener\">Besuchen Sie Wikiloc<\/a>, die GPS-Position-Sharing-Community<\/p>\n\n\n\n<p class=\"wp-block-paragraph\">&nbsp;&nbsp;<\/p>\n\n\n\n<p class=\"wp-block-paragraph\">&nbsp;<\/p>\n\n\n\n<h2 class=\"wp-block-heading\"><strong>Machen Sie einen Spaziergang am Meer von Marbella nach San Pedro<\/strong><\/h2>\n\n\n\n<p class=\"wp-block-paragraph\">&nbsp;<\/p>\n\n\n\n<figure class=\"wp-block-image\"><img decoding=\"async\" src=\"https:\/\/blog.fuerte-group.com\/wp-content\/uploads\/2020\/03\/promenade-marbella-3.jpg\" alt=\"Promenade Marbella, Puerto Banus\"\/><\/figure>\n\n\n\n<p class=\"wp-block-paragraph\"><\/p>\n\n\n\n<p class=\"wp-block-paragraph\">&nbsp;<\/p>\n\n\n\n<p class=\"wp-block-paragraph\">Der K\u00fcstenweg von Marbella verl\u00e4uft gr\u00f6\u00dftenteils entlang der Strandpromenaden und Holzstege, die Marbella mit Puerto Ban\u00fas und San Pedro de Alc\u00e1ntara verbinden. Die Strecke kombiniert Holzstege, befestigte Sandwege und asphaltierte Abschnitte und eignet sich daher ideal zum Spazierengehen oder Joggen.<\/p>\n\n\n\n<p class=\"wp-block-paragraph\">Wenn Sie sich jedoch entscheiden, dies mit einem Segway oder Roller zu tun, m\u00fcssen Sie bedenken, dass Fahrzeuge f\u00fcr die pers\u00f6nliche Mobilit\u00e4t nur auf Fahrrad- und Radwegen (obwohl Fu\u00dfg\u00e4nger immer Vorrang haben) erlaubt sind, und zwar mit einer Geschwindigkeit von weniger als 10 Stundenkilometern.<\/p>\n\n\n\n<p class=\"wp-block-paragraph\">&nbsp;<\/p>\n\n\n\n<figure class=\"wp-block-image\"><img decoding=\"async\" src=\"https:\/\/blog.fuerte-group.com\/wp-content\/uploads\/2020\/03\/biking-promenade-marbella.jpg\" alt=\"Marbella biking\"\/><\/figure>\n\n\n\n<p class=\"wp-block-paragraph\"><\/p>\n\n\n\n<p class=\"wp-block-paragraph\">&nbsp;<\/p>\n\n\n\n<p class=\"wp-block-paragraph\">Wir empfehlen Ihnen diese Route unbedingt, da Sie auf dieser Strecke unglaubliche Ausblicke auf die Str\u00e4nde von Nueva Andaluc\u00eda, Puerto Ban\u00fas, Nagueles, Casablanca oder La Fontanilla genie\u00dfen k\u00f6nnen, sowie alle Serviceleistungen (Chiringuitos, St\u00e4nde, Bars), Cafeterias) vorfinden, und eine Unzahl von Sehensw\u00fcrdigkeiten entlang des Weges. Hier k\u00f6nnen Sie hier nicht entlanggehen, ohne Halt zu machen, um die spektakul\u00e4re Fu\u00dfg\u00e4ngerbr\u00fccke von Rio Verde anzuschauen, da es die l\u00e4ngste Fu\u00dfg\u00e4ngerbr\u00fccke Spaniens ist, oder die r\u00f6mische Villa von Rio Verde betrachten, eine gro\u00dfe Villa aus dem 1. und 2. Jahrhundert, die f\u00fcr ihre Mosaiken, insbesondere die der Medusa, ber\u00fchmt ist.<\/p>\n\n\n\n<p class=\"wp-block-paragraph\"><a href=\"https:\/\/www.amarehotels.com\/de\/blog\/marbella-puerto-banus-uferpromenade-strecke\/\"><strong>Was kann man auf der Uferpromenade zwischen Puerto Ban\u00fas und Marbella sehen und unternehmen<\/strong><\/a><\/p>\n\n\n\n<p class=\"wp-block-paragraph\">&nbsp;<\/p>\n\n\n\n<p class=\"wp-block-paragraph\">&nbsp;<\/p>\n\n\n\n<h2 class=\"wp-block-heading\"><strong>Tipps und Vorschl\u00e4ge f\u00fcr eine Radtour durch Marbella<\/strong><\/h2>\n\n\n\n<p class=\"wp-block-paragraph\">&nbsp;<\/p>\n\n\n\n<figure class=\"wp-block-image\"><img decoding=\"async\" src=\"https:\/\/blog.fuerte-group.com\/wp-content\/uploads\/2020\/03\/bike-rental.jpg\" alt=\"Bike rental \"\/><\/figure>\n\n\n\n<p class=\"wp-block-paragraph\"><\/p>\n\n\n\n<p class=\"wp-block-paragraph\">&nbsp;<\/p>\n\n\n\n<p class=\"wp-block-paragraph\">Marbella mit dem Fahrrad zu erkunden, ist eine tolle M\u00f6glichkeit, die Stadt und ihre Umgebung kennenzulernen und dabei das Klima und die Landschaft zu genie\u00dfen. Von entspannten Touren entlang der K\u00fcste bis hin zu anspruchsvolleren Strecken in den Bergen gibt es Routen f\u00fcr unterschiedliche Fitness- und Erfahrungslevel. Bevor du losf\u00e4hrst, solltest du diese Tipps beachten.<\/p>\n\n\n\n<p class=\"wp-block-paragraph\"><strong>W\u00e4hle das passende Fahrrad und die richtige Route<\/strong><\/p>\n\n\n\n<p class=\"wp-block-paragraph\">Welches Fahrrad sich am besten eignet, h\u00e4ngt von der geplanten Strecke ab. F\u00fcr Fahrten durch die Stadt und auf asphaltierten Wegen reicht in der Regel ein City- oder Trekkingrad aus. Wenn du hingegen auf Pisten und Bergwegen unterwegs sein m\u00f6chtest, solltest du dich f\u00fcr ein Mountainbike entscheiden.<\/p>\n\n\n\n<p class=\"wp-block-paragraph\">Auch E-Bikes sind eine gute Alternative, wenn du l\u00e4ngere Strecken zur\u00fccklegen oder Routen mit gr\u00f6\u00dferen H\u00f6henunterschieden bew\u00e4ltigen m\u00f6chtest.<\/p>\n\n\n\n<p class=\"wp-block-paragraph\">Informiere dich vor der Abfahrt \u00fcber L\u00e4nge, H\u00f6henunterschied, Untergrund und Schwierigkeitsgrad der Route. Wenn du noch nicht viel Erfahrung hast, beginne mit einfacheren Strecken und hebe dir anspruchsvollere Bergtouren f\u00fcr sp\u00e4ter auf.<\/p>\n\n\n\n<p class=\"wp-block-paragraph\"><strong>Beachte die Verkehrsregeln<\/strong><\/p>\n\n\n\n<p class=\"wp-block-paragraph\">Wenn du entlang der Strandpromenade fahren m\u00f6chtest, solltest du wissen, dass der Fahrradverkehr abschnittsweise geregelt ist und in einigen Bereichen Einschr\u00e4nkungen gelten k\u00f6nnen. Achte auf die Beschilderung und nutze Fahrradwege oder alternative Strecken, wenn dies erforderlich ist.<\/p>\n\n\n\n<p class=\"wp-block-paragraph\">In den Abschnitten der Strandpromenade, in denen das Fahrradfahren erlaubt ist, haben Fu\u00dfg\u00e4nger Vorrang. Die H\u00f6chstgeschwindigkeit betr\u00e4gt 10 km\/h und die vorhandene Beschilderung muss jederzeit beachtet werden.<\/p>\n\n\n\n<p class=\"wp-block-paragraph\"><strong>Vermeide die hei\u00dfesten Tageszeiten<\/strong><\/p>\n\n\n\n<p class=\"wp-block-paragraph\">In den Sommermonaten empfiehlt es sich, fr\u00fch am Morgen oder am sp\u00e4ten Nachmittag loszufahren, um die h\u00f6chsten Temperaturen des Tages zu vermeiden.<\/p>\n\n\n\n<p class=\"wp-block-paragraph\">Nimm ausreichend Wasser mit, lege bei Bedarf Pausen ein und sch\u00fctze dich mit Sonnencreme und Sonnenbrille vor der Sonne. Wenn du eine l\u00e4ngere Tour oder eine Strecke in den Bergen planst, solltest du vor der Abfahrt auch die Wettervorhersage pr\u00fcfen.<\/p>\n\n\n\n<p class=\"wp-block-paragraph\"><\/p>\n\n\n\n<p class=\"wp-block-paragraph\">&nbsp;<\/p>\n\n\n\n<figure class=\"wp-block-image\"><img decoding=\"async\" src=\"https:\/\/blog.fuerte-group.com\/wp-content\/uploads\/2020\/03\/biking-promenade-marbella-2.jpg\" alt=\"Marbella biking\"\/><\/figure>\n\n\n\n<p class=\"wp-block-paragraph\"><\/p>\n\n\n\n<p class=\"wp-block-paragraph\">&nbsp;<\/p>\n\n\n\n<p class=\"wp-block-paragraph\"><strong>Nimm die richtige Ausr\u00fcstung mit<\/strong><\/p>\n\n\n\n<p class=\"wp-block-paragraph\">Trage einen Helm und vergewissere dich vor Beginn der Tour, dass sich dein Fahrrad in einem guten Zustand befindet. \u00dcberpr\u00fcfe insbesondere Bremsen und Reifen sowie die Beleuchtung, wenn du bei schlechten Lichtverh\u00e4ltnissen unterwegs sein wirst.<\/p>\n\n\n\n<p class=\"wp-block-paragraph\">Bei l\u00e4ngeren Touren oder Mountainbike-Strecken kann es au\u00dferdem sinnvoll sein, ein kleines Reparaturset, einen Ersatzschlauch oder grundlegendes Werkzeug mitzunehmen.<\/p>\n\n\n\n<p class=\"wp-block-paragraph\">Wenn du dein Fahrrad w\u00e4hrend einer Besichtigung oder Pause abstellst, solltest du es immer mit einem guten Schloss sichern.<\/p>\n\n\n\n<p class=\"wp-block-paragraph\"><strong>Miete bei Bedarf ein Fahrrad<\/strong><\/p>\n\n\n\n<p class=\"wp-block-paragraph\">In Marbella findest du verschiedene Fahrradverleihe, vor allem in den touristischen Bereichen und in der N\u00e4he der Strandpromenade. Informiere dich vor der Anmietung dar\u00fcber, welche Ausstattung enthalten ist, und w\u00e4hle ein Modell, das zu deiner geplanten Strecke passt.<\/p>\n\n\n\n<p class=\"wp-block-paragraph\">Wenn du die Gegend nicht kennst oder lieber in Begleitung unterwegs bist, kannst du dich auch einer gef\u00fchrten Fahrradtour anschlie\u00dfen.<\/p>\n\n\n\n<p class=\"wp-block-paragraph\"><strong>Nutze die Tour, um Marbella zu entdecken<\/strong><\/p>\n\n\n\n<p class=\"wp-block-paragraph\">Eine Fahrradtour l\u00e4sst sich wunderbar mit einigen der wichtigsten Sehensw\u00fcrdigkeiten Marbellas verbinden. Du kannst dein Fahrrad abstellen und die Altstadt zu Fu\u00df erkunden, an der Avenida del Mar oder im Parque de la Alameda eine Pause einlegen oder an einem der Str\u00e4nde, Caf\u00e9s und Restaurants entlang der K\u00fcste Halt machen.<\/p>\n\n\n\n<p class=\"wp-block-paragraph\">Wenn du deine Tour in nahe gelegene Orte wie Oj\u00e9n, Benahav\u00eds oder Estepona fortsetzen m\u00f6chtest, solltest du die Strecke vorher planen und darauf achten, dass sie deinem Fitnesslevel und dem verwendeten Fahrrad entspricht.<\/p>\n\n\n\n<p class=\"wp-block-paragraph\"><strong>Respektiere die Umgebung<\/strong><\/p>\n\n\n\n<p class=\"wp-block-paragraph\">Wenn du durch Naturr\u00e4ume f\u00e4hrst, bleibe auf den daf\u00fcr vorgesehenen Wegen, hinterlasse keinen M\u00fcll und st\u00f6re die Tierwelt nicht. In Bereichen, die du dir mit Fu\u00dfg\u00e4ngern teilst, solltest du deine Geschwindigkeit reduzieren und besonders vorsichtig fahren.<\/p>\n\n\n\n<p class=\"wp-block-paragraph\">&nbsp;&nbsp;<\/p>\n\n\n\n<p class=\"wp-block-paragraph\">&nbsp;<\/p>\n\n\n\n<h2 class=\"wp-block-heading\"><strong>Wo Sie \u00dcbernachten K\u00f6nnen<\/strong><\/h2>\n\n\n\n<p class=\"wp-block-paragraph\">&nbsp;<\/p>\n\n\n\n<figure class=\"wp-block-image\"><img decoding=\"async\" src=\"https:\/\/blog.fuerte-group.com\/wp-content\/uploads\/2022\/06\/amare-beach-hotel-marbella-pool.jpg\" alt=\"Am\u00e0re Beach Hotel Marbella\"\/><\/figure>\n\n\n\n<p class=\"wp-block-paragraph\"><\/p>\n\n\n\n<p class=\"wp-block-paragraph\">&nbsp;<\/p>\n\n\n\n<p class=\"wp-block-paragraph\">Marbella ist ein Paradies, um den gro\u00dfen kulturellen, nat\u00fcrlichen, historischen und gastronomischen Reichtum der Stadt zu genie\u00dfen. Die M\u00f6glichkeiten, die diese Stadt bietet, sind vielf\u00e4ltig und spektakul\u00e4r. Das <a href=\"https:\/\/www.amarehotels.com\/de\/amare-marbella\/\"><strong>Am\u00e0re Beach Hotel Marbella<\/strong><\/a> befindet sich in perfekter Lage, direkt an der Strandpromenade und nur 5 Minuten vom historischen Stadtzentrum entfernt, so dass Sie sich in einer idealen Lage befinden, um alle Ihre Pl\u00e4ne f\u00fcr Ihren Urlaub in Marbella zu verwirklichen. Es ist perfekt f\u00fcr Erwachsene, die einen ruhigen Aufenthalt an einem einzigartigen Ort genie\u00dfen m\u00f6chten, an dem Sie sich entspannen und mit all der Aufmerksamkeit verw\u00f6hnen lassen k\u00f6nnen, die Sie verdienen.<\/p>\n\n\n\n<p class=\"wp-block-paragraph\">&nbsp;<\/p>\n\n\n\n<p class=\"wp-block-paragraph\">&nbsp;<\/p>\n","protected":false},"excerpt":{"rendered":"<p>Es gibt kaum etwas Angenehmeres und Entspannenderes als Turismus in Marbella. Dank der au\u00dfergew\u00f6hnlichen Lage zwischen Meer und Bergen ist [&hellip;]<\/p>\n","protected":false},"author":5,"featured_media":11067,"comment_status":"open","ping_status":"open","sticky":false,"template":"","format":"standard","meta":{"_acf_changed":false,"site-sidebar-layout":"default","site-content-layout":"","ast-site-content-layout":"default","site-content-style":"default","site-sidebar-style":"default","ast-global-header-display":"","ast-banner-title-visibility":"","ast-main-header-display":"","ast-hfb-above-header-display":"","ast-hfb-below-header-display":"","ast-hfb-mobile-header-display":"","site-post-title":"","ast-breadcrumbs-content":"","ast-featured-img":"","footer-sml-layout":"","theme-transparent-header-meta":"","adv-header-id-meta":"","stick-header-meta":"","header-above-stick-meta":"","header-main-stick-meta":"","header-below-stick-meta":"","astra-migrate-meta-layouts":"default","ast-page-background-enabled":"default","ast-page-background-meta":{"desktop":{"background-color":"var(--ast-global-color-5)","background-image":"","background-repeat":"repeat","background-position":"center center","background-size":"auto","background-attachment":"scroll","background-type":"","background-media":"","overlay-type":"","overlay-color":"","overlay-opacity":"","overlay-gradient":""},"tablet":{"background-color":"","background-image":"","background-repeat":"repeat","background-position":"center center","background-size":"auto","background-attachment":"scroll","background-type":"","background-media":"","overlay-type":"","overlay-color":"","overlay-opacity":"","overlay-gradient":""},"mobile":{"background-color":"","background-image":"","background-repeat":"repeat","background-position":"center center","background-size":"auto","background-attachment":"scroll","background-type":"","background-media":"","overlay-type":"","overlay-color":"","overlay-opacity":"","overlay-gradient":""}},"ast-content-background-meta":{"desktop":{"background-color":"var(--ast-global-color-4)","background-image":"","background-repeat":"repeat","background-position":"center center","background-size":"auto","background-attachment":"scroll","background-type":"","background-media":"","overlay-type":"","overlay-color":"","overlay-opacity":"","overlay-gradient":""},"tablet":{"background-color":"var(--ast-global-color-4)","background-image":"","background-repeat":"repeat","background-position":"center center","background-size":"auto","background-attachment":"scroll","background-type":"","background-media":"","overlay-type":"","overlay-color":"","overlay-opacity":"","overlay-gradient":""},"mobile":{"background-color":"var(--ast-global-color-4)","background-image":"","background-repeat":"repeat","background-position":"center center","background-size":"auto","background-attachment":"scroll","background-type":"","background-media":"","overlay-type":"","overlay-color":"","overlay-opacity":"","overlay-gradient":""}},"footnotes":""},"categories":[191,197],"tags":[241,239,290,246],"hotel":[252,260,257],"class_list":["post-8872","post","type-post","status-publish","format-standard","has-post-thumbnail","hentry","category-blog-4","category-sport-3","tag-aktivitaeten","tag-rat","tag-sin-categoria","tag-wandern","hotel-amare-hotels-de","hotel-el-fuerte-marbella-de","hotel-el-fuerte-marbella"],"acf":[],"yoast_head":"<!-- This site is optimized with the Yoast SEO plugin v26.4 - https:\/\/yoast.com\/wordpress\/plugins\/seo\/ -->\n<title>Wandern in Marbella | Radfahren in Marbella<\/title>\n<meta name=\"description\" content=\"6 Routen, auf denen Sie zu Fu\u00df oder mit dem Fahrrad die herrliche Natur und Landschaft rund um Marbella erkunden k\u00f6nnen. Wandern und Radfahren in Marbella\" \/>\n<meta name=\"robots\" content=\"index, follow, max-snippet:-1, max-image-preview:large, max-video-preview:-1\" \/>\n<link rel=\"canonical\" href=\"https:\/\/blog.fuerte-group.com\/de\/marbella-walking-cycling-routes\/\" \/>\n<meta property=\"og:locale\" content=\"de_DE\" \/>\n<meta property=\"og:type\" content=\"article\" \/>\n<meta property=\"og:title\" content=\"Wandern in Marbella | Radfahren in Marbella\" \/>\n<meta property=\"og:description\" content=\"6 Routen, auf denen Sie zu Fu\u00df oder mit dem Fahrrad die herrliche Natur und Landschaft rund um Marbella erkunden k\u00f6nnen. Wandern und Radfahren in Marbella\" \/>\n<meta property=\"og:url\" content=\"https:\/\/blog.fuerte-group.com\/de\/marbella-walking-cycling-routes\/\" \/>\n<meta property=\"og:site_name\" content=\"Blog - Fuerte Group Hotels\" \/>\n<meta property=\"article:published_time\" content=\"2024-09-25T04:00:16+00:00\" \/>\n<meta property=\"article:modified_time\" content=\"2026-08-18T13:35:17+00:00\" \/>\n<meta property=\"og:image\" content=\"https:\/\/blog.fuerte-group.com\/wp-content\/uploads\/2024\/09\/paseo-maritimo-marbella-atardecer.jpg\" \/>\n\t<meta property=\"og:image:width\" content=\"1000\" \/>\n\t<meta property=\"og:image:height\" content=\"600\" \/>\n\t<meta property=\"og:image:type\" content=\"image\/jpeg\" \/>\n<meta name=\"author\" content=\"Fuerte Group\" \/>\n<meta name=\"twitter:card\" content=\"summary_large_image\" \/>\n<meta name=\"twitter:label1\" content=\"Verfasst von\" \/>\n\t<meta name=\"twitter:data1\" content=\"Fuerte Group\" \/>\n\t<meta name=\"twitter:label2\" content=\"Gesch\u00e4tzte Lesezeit\" \/>\n\t<meta name=\"twitter:data2\" content=\"11\u00a0Minuten\" \/>\n<script type=\"application\/ld+json\" class=\"yoast-schema-graph\">{\"@context\":\"https:\/\/schema.org\",\"@graph\":[{\"@type\":[\"Article\",\"BlogPosting\"],\"@id\":\"https:\/\/blog.fuerte-group.com\/de\/marbella-walking-cycling-routes\/#article\",\"isPartOf\":{\"@id\":\"https:\/\/blog.fuerte-group.com\/de\/marbella-walking-cycling-routes\/\"},\"author\":{\"name\":\"Fuerte Group\",\"@id\":\"https:\/\/blog.fuerte-group.com\/de\/#\/schema\/person\/2dbca6937e0807c084d3b91d5e45de9d\"},\"headline\":\"Entdecken Sie die besten M\u00f6glichkeiten, Marbella zu Fu\u00df und per Pedal zu erkunden\",\"datePublished\":\"2024-09-25T04:00:16+00:00\",\"dateModified\":\"2026-08-18T13:35:17+00:00\",\"mainEntityOfPage\":{\"@id\":\"https:\/\/blog.fuerte-group.com\/de\/marbella-walking-cycling-routes\/\"},\"wordCount\":2118,\"commentCount\":0,\"publisher\":{\"@id\":\"https:\/\/blog.fuerte-group.com\/de\/#organization\"},\"image\":{\"@id\":\"https:\/\/blog.fuerte-group.com\/de\/marbella-walking-cycling-routes\/#primaryimage\"},\"thumbnailUrl\":\"https:\/\/blog.fuerte-group.com\/wp-content\/uploads\/2024\/09\/paseo-maritimo-marbella-atardecer.jpg\",\"keywords\":[\"Aktivit\u00e4ten\",\"Rat\",\"Sin categor\u00eda\",\"Wandern\"],\"articleSection\":[\"blog\",\"Sport\"],\"inLanguage\":\"de\",\"potentialAction\":[{\"@type\":\"CommentAction\",\"name\":\"Comment\",\"target\":[\"https:\/\/blog.fuerte-group.com\/de\/marbella-walking-cycling-routes\/#respond\"]}]},{\"@type\":\"WebPage\",\"@id\":\"https:\/\/blog.fuerte-group.com\/de\/marbella-walking-cycling-routes\/\",\"url\":\"https:\/\/blog.fuerte-group.com\/de\/marbella-walking-cycling-routes\/\",\"name\":\"Wandern in Marbella | Radfahren in Marbella\",\"isPartOf\":{\"@id\":\"https:\/\/blog.fuerte-group.com\/de\/#website\"},\"primaryImageOfPage\":{\"@id\":\"https:\/\/blog.fuerte-group.com\/de\/marbella-walking-cycling-routes\/#primaryimage\"},\"image\":{\"@id\":\"https:\/\/blog.fuerte-group.com\/de\/marbella-walking-cycling-routes\/#primaryimage\"},\"thumbnailUrl\":\"https:\/\/blog.fuerte-group.com\/wp-content\/uploads\/2024\/09\/paseo-maritimo-marbella-atardecer.jpg\",\"datePublished\":\"2024-09-25T04:00:16+00:00\",\"dateModified\":\"2026-08-18T13:35:17+00:00\",\"description\":\"6 Routen, auf denen Sie zu Fu\u00df oder mit dem Fahrrad die herrliche Natur und Landschaft rund um Marbella erkunden k\u00f6nnen. Wandern und Radfahren in Marbella\",\"breadcrumb\":{\"@id\":\"https:\/\/blog.fuerte-group.com\/de\/marbella-walking-cycling-routes\/#breadcrumb\"},\"inLanguage\":\"de\",\"potentialAction\":[{\"@type\":\"ReadAction\",\"target\":[\"https:\/\/blog.fuerte-group.com\/de\/marbella-walking-cycling-routes\/\"]}]},{\"@type\":\"ImageObject\",\"inLanguage\":\"de\",\"@id\":\"https:\/\/blog.fuerte-group.com\/de\/marbella-walking-cycling-routes\/#primaryimage\",\"url\":\"https:\/\/blog.fuerte-group.com\/wp-content\/uploads\/2024\/09\/paseo-maritimo-marbella-atardecer.jpg\",\"contentUrl\":\"https:\/\/blog.fuerte-group.com\/wp-content\/uploads\/2024\/09\/paseo-maritimo-marbella-atardecer.jpg\",\"width\":1000,\"height\":600,\"caption\":\"Paseo mar\u00edtimo de Marbella al atardecer\"},{\"@type\":\"BreadcrumbList\",\"@id\":\"https:\/\/blog.fuerte-group.com\/de\/marbella-walking-cycling-routes\/#breadcrumb\",\"itemListElement\":[{\"@type\":\"ListItem\",\"position\":1,\"name\":\"Portada\",\"item\":\"https:\/\/blog.fuerte-group.com\/de\/\"},{\"@type\":\"ListItem\",\"position\":2,\"name\":\"Entdecken Sie die besten M\u00f6glichkeiten, Marbella zu Fu\u00df und per Pedal zu erkunden\"}]},{\"@type\":\"WebSite\",\"@id\":\"https:\/\/blog.fuerte-group.com\/de\/#website\",\"url\":\"https:\/\/blog.fuerte-group.com\/de\/\",\"name\":\"Blog - Fuerte Group Hotels\",\"description\":\"Blog Andalucia e Ibiza - Fuerte Group Hotels\",\"publisher\":{\"@id\":\"https:\/\/blog.fuerte-group.com\/de\/#organization\"},\"alternateName\":\"blog-fgh\",\"potentialAction\":[{\"@type\":\"SearchAction\",\"target\":{\"@type\":\"EntryPoint\",\"urlTemplate\":\"https:\/\/blog.fuerte-group.com\/de\/?s={search_term_string}\"},\"query-input\":{\"@type\":\"PropertyValueSpecification\",\"valueRequired\":true,\"valueName\":\"search_term_string\"}}],\"inLanguage\":\"de\"},{\"@type\":\"Organization\",\"@id\":\"https:\/\/blog.fuerte-group.com\/de\/#organization\",\"name\":\"Fuerte Group S.L.\",\"alternateName\":\"Fuerte Group S.L.\",\"url\":\"https:\/\/blog.fuerte-group.com\/de\/\",\"logo\":{\"@type\":\"ImageObject\",\"inLanguage\":\"de\",\"@id\":\"https:\/\/blog.fuerte-group.com\/de\/#\/schema\/logo\/image\/\",\"url\":\"https:\/\/blog.fuerte-group.com\/wp-content\/uploads\/2025\/05\/logo-fuerte-group-blog-naranja-02.svg\",\"contentUrl\":\"https:\/\/blog.fuerte-group.com\/wp-content\/uploads\/2025\/05\/logo-fuerte-group-blog-naranja-02.svg\",\"caption\":\"Fuerte Group S.L.\"},\"image\":{\"@id\":\"https:\/\/blog.fuerte-group.com\/de\/#\/schema\/logo\/image\/\"}},{\"@type\":\"Person\",\"@id\":\"https:\/\/blog.fuerte-group.com\/de\/#\/schema\/person\/2dbca6937e0807c084d3b91d5e45de9d\",\"name\":\"Fuerte Group\",\"image\":{\"@type\":\"ImageObject\",\"inLanguage\":\"de\",\"@id\":\"https:\/\/blog.fuerte-group.com\/de\/#\/schema\/person\/image\/\",\"url\":\"https:\/\/secure.gravatar.com\/avatar\/1252cf13fd5ebc8ff2eb376323ce749771613b9f6684dd6fcfe90ce1ec0d978b?s=96&d=mm&r=g\",\"contentUrl\":\"https:\/\/secure.gravatar.com\/avatar\/1252cf13fd5ebc8ff2eb376323ce749771613b9f6684dd6fcfe90ce1ec0d978b?s=96&d=mm&r=g\",\"caption\":\"Fuerte Group\"},\"description\":\"Fuerte Group Hotels es la divisi\u00f3n hotelera del Grupo El Fuerte, un grupo empresarial familiar andaluz fundado en 1957 por Jos\u00e9 Luque Manzano. Fuerte Group Hotels se componde de 5 marcas distintas, cada una de ellas con una personalidad propia. Fuerte Hoteles, para toda la familia; Am\u00e0re Hotels, recomendada para adultos; Ol\u00e9e Holiday Rentals, apartamentos vacacionales; El Fuerte Marbella, lujo casual 5 estrellas; y DAIA, hoteles para un descanso \u2018slow beach\u2019.\",\"sameAs\":[\"https:\/\/www.fuerte-group.com\/\"],\"url\":\"https:\/\/blog.fuerte-group.com\/de\/author\/fuertegroup\/\"}]}<\/script>\n<!-- \/ Yoast SEO plugin. -->","yoast_head_json":{"title":"Wandern in Marbella | Radfahren in Marbella","description":"6 Routen, auf denen Sie zu Fu\u00df oder mit dem Fahrrad die herrliche Natur und Landschaft rund um Marbella erkunden k\u00f6nnen. Wandern und Radfahren in Marbella","robots":{"index":"index","follow":"follow","max-snippet":"max-snippet:-1","max-image-preview":"max-image-preview:large","max-video-preview":"max-video-preview:-1"},"canonical":"https:\/\/blog.fuerte-group.com\/de\/marbella-walking-cycling-routes\/","og_locale":"de_DE","og_type":"article","og_title":"Wandern in Marbella | Radfahren in Marbella","og_description":"6 Routen, auf denen Sie zu Fu\u00df oder mit dem Fahrrad die herrliche Natur und Landschaft rund um Marbella erkunden k\u00f6nnen. Wandern und Radfahren in Marbella","og_url":"https:\/\/blog.fuerte-group.com\/de\/marbella-walking-cycling-routes\/","og_site_name":"Blog - Fuerte Group Hotels","article_published_time":"2024-09-25T04:00:16+00:00","article_modified_time":"2026-08-18T13:35:17+00:00","og_image":[{"width":1000,"height":600,"url":"https:\/\/blog.fuerte-group.com\/wp-content\/uploads\/2024\/09\/paseo-maritimo-marbella-atardecer.jpg","type":"image\/jpeg"}],"author":"Fuerte Group","twitter_card":"summary_large_image","twitter_misc":{"Verfasst von":"Fuerte Group","Gesch\u00e4tzte Lesezeit":"11\u00a0Minuten"},"schema":{"@context":"https:\/\/schema.org","@graph":[{"@type":["Article","BlogPosting"],"@id":"https:\/\/blog.fuerte-group.com\/de\/marbella-walking-cycling-routes\/#article","isPartOf":{"@id":"https:\/\/blog.fuerte-group.com\/de\/marbella-walking-cycling-routes\/"},"author":{"name":"Fuerte Group","@id":"https:\/\/blog.fuerte-group.com\/de\/#\/schema\/person\/2dbca6937e0807c084d3b91d5e45de9d"},"headline":"Entdecken Sie die besten M\u00f6glichkeiten, Marbella zu Fu\u00df und per Pedal zu erkunden","datePublished":"2024-09-25T04:00:16+00:00","dateModified":"2026-08-18T13:35:17+00:00","mainEntityOfPage":{"@id":"https:\/\/blog.fuerte-group.com\/de\/marbella-walking-cycling-routes\/"},"wordCount":2118,"commentCount":0,"publisher":{"@id":"https:\/\/blog.fuerte-group.com\/de\/#organization"},"image":{"@id":"https:\/\/blog.fuerte-group.com\/de\/marbella-walking-cycling-routes\/#primaryimage"},"thumbnailUrl":"https:\/\/blog.fuerte-group.com\/wp-content\/uploads\/2024\/09\/paseo-maritimo-marbella-atardecer.jpg","keywords":["Aktivit\u00e4ten","Rat","Sin categor\u00eda","Wandern"],"articleSection":["blog","Sport"],"inLanguage":"de","potentialAction":[{"@type":"CommentAction","name":"Comment","target":["https:\/\/blog.fuerte-group.com\/de\/marbella-walking-cycling-routes\/#respond"]}]},{"@type":"WebPage","@id":"https:\/\/blog.fuerte-group.com\/de\/marbella-walking-cycling-routes\/","url":"https:\/\/blog.fuerte-group.com\/de\/marbella-walking-cycling-routes\/","name":"Wandern in Marbella | Radfahren in Marbella","isPartOf":{"@id":"https:\/\/blog.fuerte-group.com\/de\/#website"},"primaryImageOfPage":{"@id":"https:\/\/blog.fuerte-group.com\/de\/marbella-walking-cycling-routes\/#primaryimage"},"image":{"@id":"https:\/\/blog.fuerte-group.com\/de\/marbella-walking-cycling-routes\/#primaryimage"},"thumbnailUrl":"https:\/\/blog.fuerte-group.com\/wp-content\/uploads\/2024\/09\/paseo-maritimo-marbella-atardecer.jpg","datePublished":"2024-09-25T04:00:16+00:00","dateModified":"2026-08-18T13:35:17+00:00","description":"6 Routen, auf denen Sie zu Fu\u00df oder mit dem Fahrrad die herrliche Natur und Landschaft rund um Marbella erkunden k\u00f6nnen. Wandern und Radfahren in Marbella","breadcrumb":{"@id":"https:\/\/blog.fuerte-group.com\/de\/marbella-walking-cycling-routes\/#breadcrumb"},"inLanguage":"de","potentialAction":[{"@type":"ReadAction","target":["https:\/\/blog.fuerte-group.com\/de\/marbella-walking-cycling-routes\/"]}]},{"@type":"ImageObject","inLanguage":"de","@id":"https:\/\/blog.fuerte-group.com\/de\/marbella-walking-cycling-routes\/#primaryimage","url":"https:\/\/blog.fuerte-group.com\/wp-content\/uploads\/2024\/09\/paseo-maritimo-marbella-atardecer.jpg","contentUrl":"https:\/\/blog.fuerte-group.com\/wp-content\/uploads\/2024\/09\/paseo-maritimo-marbella-atardecer.jpg","width":1000,"height":600,"caption":"Paseo mar\u00edtimo de Marbella al atardecer"},{"@type":"BreadcrumbList","@id":"https:\/\/blog.fuerte-group.com\/de\/marbella-walking-cycling-routes\/#breadcrumb","itemListElement":[{"@type":"ListItem","position":1,"name":"Portada","item":"https:\/\/blog.fuerte-group.com\/de\/"},{"@type":"ListItem","position":2,"name":"Entdecken Sie die besten M\u00f6glichkeiten, Marbella zu Fu\u00df und per Pedal zu erkunden"}]},{"@type":"WebSite","@id":"https:\/\/blog.fuerte-group.com\/de\/#website","url":"https:\/\/blog.fuerte-group.com\/de\/","name":"Blog - Fuerte Group Hotels","description":"Blog Andalucia e Ibiza - Fuerte Group Hotels","publisher":{"@id":"https:\/\/blog.fuerte-group.com\/de\/#organization"},"alternateName":"blog-fgh","potentialAction":[{"@type":"SearchAction","target":{"@type":"EntryPoint","urlTemplate":"https:\/\/blog.fuerte-group.com\/de\/?s={search_term_string}"},"query-input":{"@type":"PropertyValueSpecification","valueRequired":true,"valueName":"search_term_string"}}],"inLanguage":"de"},{"@type":"Organization","@id":"https:\/\/blog.fuerte-group.com\/de\/#organization","name":"Fuerte Group S.L.","alternateName":"Fuerte Group S.L.","url":"https:\/\/blog.fuerte-group.com\/de\/","logo":{"@type":"ImageObject","inLanguage":"de","@id":"https:\/\/blog.fuerte-group.com\/de\/#\/schema\/logo\/image\/","url":"https:\/\/blog.fuerte-group.com\/wp-content\/uploads\/2025\/05\/logo-fuerte-group-blog-naranja-02.svg","contentUrl":"https:\/\/blog.fuerte-group.com\/wp-content\/uploads\/2025\/05\/logo-fuerte-group-blog-naranja-02.svg","caption":"Fuerte Group S.L."},"image":{"@id":"https:\/\/blog.fuerte-group.com\/de\/#\/schema\/logo\/image\/"}},{"@type":"Person","@id":"https:\/\/blog.fuerte-group.com\/de\/#\/schema\/person\/2dbca6937e0807c084d3b91d5e45de9d","name":"Fuerte Group","image":{"@type":"ImageObject","inLanguage":"de","@id":"https:\/\/blog.fuerte-group.com\/de\/#\/schema\/person\/image\/","url":"https:\/\/secure.gravatar.com\/avatar\/1252cf13fd5ebc8ff2eb376323ce749771613b9f6684dd6fcfe90ce1ec0d978b?s=96&d=mm&r=g","contentUrl":"https:\/\/secure.gravatar.com\/avatar\/1252cf13fd5ebc8ff2eb376323ce749771613b9f6684dd6fcfe90ce1ec0d978b?s=96&d=mm&r=g","caption":"Fuerte Group"},"description":"Fuerte Group Hotels es la divisi\u00f3n hotelera del Grupo El Fuerte, un grupo empresarial familiar andaluz fundado en 1957 por Jos\u00e9 Luque Manzano. Fuerte Group Hotels se componde de 5 marcas distintas, cada una de ellas con una personalidad propia. Fuerte Hoteles, para toda la familia; Am\u00e0re Hotels, recomendada para adultos; Ol\u00e9e Holiday Rentals, apartamentos vacacionales; El Fuerte Marbella, lujo casual 5 estrellas; y DAIA, hoteles para un descanso \u2018slow beach\u2019.","sameAs":["https:\/\/www.fuerte-group.com\/"],"url":"https:\/\/blog.fuerte-group.com\/de\/author\/fuertegroup\/"}]}},"amp_enabled":true,"_links":{"self":[{"href":"https:\/\/blog.fuerte-group.com\/de\/wp-json\/wp\/v2\/posts\/8872","targetHints":{"allow":["GET"]}}],"collection":[{"href":"https:\/\/blog.fuerte-group.com\/de\/wp-json\/wp\/v2\/posts"}],"about":[{"href":"https:\/\/blog.fuerte-group.com\/de\/wp-json\/wp\/v2\/types\/post"}],"author":[{"embeddable":true,"href":"https:\/\/blog.fuerte-group.com\/de\/wp-json\/wp\/v2\/users\/5"}],"replies":[{"embeddable":true,"href":"https:\/\/blog.fuerte-group.com\/de\/wp-json\/wp\/v2\/comments?post=8872"}],"version-history":[{"count":5,"href":"https:\/\/blog.fuerte-group.com\/de\/wp-json\/wp\/v2\/posts\/8872\/revisions"}],"predecessor-version":[{"id":11099,"href":"https:\/\/blog.fuerte-group.com\/de\/wp-json\/wp\/v2\/posts\/8872\/revisions\/11099"}],"wp:featuredmedia":[{"embeddable":true,"href":"https:\/\/blog.fuerte-group.com\/de\/wp-json\/wp\/v2\/media\/11067"}],"wp:attachment":[{"href":"https:\/\/blog.fuerte-group.com\/de\/wp-json\/wp\/v2\/media?parent=8872"}],"wp:term":[{"taxonomy":"category","embeddable":true,"href":"https:\/\/blog.fuerte-group.com\/de\/wp-json\/wp\/v2\/categories?post=8872"},{"taxonomy":"post_tag","embeddable":true,"href":"https:\/\/blog.fuerte-group.com\/de\/wp-json\/wp\/v2\/tags?post=8872"},{"taxonomy":"hotel","embeddable":true,"href":"https:\/\/blog.fuerte-group.com\/de\/wp-json\/wp\/v2\/hotel?post=8872"}],"curies":[{"name":"wp","href":"https:\/\/api.w.org\/{rel}","templated":true}]}}