{"id":8951,"date":"2025-05-07T05:57:11","date_gmt":"2025-05-07T03:57:11","guid":{"rendered":"https:\/\/blog.fuerte-group.com\/weintourismus-auf-ibiza\/"},"modified":"2026-09-04T14:26:29","modified_gmt":"2026-09-04T12:26:29","slug":"weintourismus-auf-ibiza","status":"publish","type":"post","link":"https:\/\/blog.fuerte-group.com\/de\/weintourismus-auf-ibiza\/","title":{"rendered":"Wein und Weing\u00fcter, Weintourismus auf Ibiza"},"content":{"rendered":"\n<p class=\"wp-block-paragraph\"><strong>Der Sommer und der Herbst sind die besten Zeiten f\u00fcr den Ausflug&nbsp; Wein- und Weinstra\u00dfe&nbsp; Ibiza<\/strong>, ein \u00e4u\u00dferst attraktiver Plan f\u00fcr <em>Gourmet<\/em>-Reisende, die es lieben, w\u00e4hrend ihres Urlaubs die besten einheimischen Produkte&nbsp; kennenzulernen und zu genie\u00dfen. Wenn Sie Weintourismus m\u00f6gen, finden Sie auf der wei\u00dfen Insel Weing\u00fcter, Verkostungen und nachhaltige Weinberge sowie eine jahrhundertealte Weinanbautradition. <em>Erheben Sie Ihr Glas<\/em>!<\/p>\n\n\n\n<p class=\"wp-block-paragraph\">Obwohl es auf der ganzen Insel verstreute Weinberge gibt, befinden sich die ausgedehntesten G\u00fcter rund um Sant Antoni und Sant Mateu. Sobald Sie die Hauptstra\u00dfen verlassen und die Landstra\u00dfen nehmen, die diese beiden Orte verbinden, wird ein gro\u00dfer Teil der 54 Hektar, die zur gesch\u00fctzten geografischen Angabe Vino de Ibiza \/ Vi d\u2019Eivissa geh\u00f6ren, auf Ihrem Weg erscheinen. Eine l\u00e4ndliche Landschaft, die fest mit der Tradition verbunden ist und \u00fcber das bekannte Image von Partys und Str\u00e4nden hinausgeht, f\u00fcr das die Insel international bekannt ist.<\/p>\n\n\n\n<p class=\"wp-block-paragraph\">&nbsp;<\/p>\n\n\n\n<p class=\"wp-block-paragraph\">&nbsp;<\/p>\n\n\n\n<h2 class=\"wp-block-heading\">Der ibizenkische Wein: Geschichte und Charakter<\/h2>\n\n\n\n<p class=\"wp-block-paragraph\">&nbsp;<\/p>\n\n\n\n<figure class=\"wp-block-image is-resized\"><img decoding=\"async\" src=\"https:\/\/blog.fuerte-group.com\/wp-content\/uploads\/2025\/04\/vineyard-ibiza-2.jpg\" alt=\"Weintourismus auf Ibiza\" style=\"aspect-ratio:1.6666666666666667;width:1000px;height:auto\"\/><\/figure>\n\n\n\n<p class=\"wp-block-paragraph\"><\/p>\n\n\n\n<p class=\"wp-block-paragraph\">&nbsp;<\/p>\n\n\n\n<p class=\"wp-block-paragraph\">Die Produktion von Trauben und die Weinherstellung auf Ibiza gehen auf das 7. Jahrhundert v. Chr. zur\u00fcck, wie die Funde von Bechern und Amphoren belegen, die die Ph\u00f6nizier zur Lagerung von Wein verwendeten. Anschlie\u00dfend nutzten die R\u00f6mer neue Anbaumethoden und verbesserten die Weinherstellungsprozesse, wodurch sie eine Weinbautradition begr\u00fcndeten, die 1862 ihren H\u00f6hepunkt erreichte. In diesem Jahr importierte Frankreich gro\u00dfe Mengen Wein aus Ibiza, um die steigende Nachfrage zu decken. Dies verlieh dem Weinbau auf der Insel einen bedeutenden Aufschwung. Ende des Jahrhunderts erreichte diese Plage auch Ibiza, was dazu f\u00fchrte, dass zahlreiche Weinst\u00f6cke ausgerissen werden mussten und die Aktivit\u00e4t auf die b\u00e4uerliche Produktion f\u00fcr den Eigenverbrauch reduziert wurde. Erst in den 90er Jahren setzten die Winzer der Insel auf Qualit\u00e4t und Technologie, um ein neues Kapitel in der Weingeschichte Ibizas zu \u00f6ffnen.<\/p>\n\n\n\n<p class=\"wp-block-paragraph\">&nbsp;<\/p>\n\n\n\n<h3 class=\"wp-block-heading\">Wie sind die Weine von Ibiza?<\/h3>\n\n\n\n<p class=\"wp-block-paragraph\">&nbsp;<\/p>\n\n\n\n<p class=\"wp-block-paragraph\">Die zur Herstellung des Weins mit IGP Vino de Ibiza \/ Vi d\u2019Eivissa verwendeten Rebsorten stammen ausschlie\u00dflich von den folgenden Sorten der Art <em>Vitis vinifera: <\/em>&nbsp;Monastrell, Tempranillo, Merlot, Cabernet Sauvignon und Syrah bei den roten Sorten; und Macabeo, Chardonnay, Moscatel de Alejandr\u00eda, Moscatel de Grano Menudo, Parellada und Malvas\u00eda bei den wei\u00dfen Sorten.<\/p>\n\n\n\n<p class=\"wp-block-paragraph\">&nbsp;<\/p>\n\n\n\n<figure class=\"wp-block-image is-resized\"><img decoding=\"async\" src=\"https:\/\/blog.fuerte-group.com\/wp-content\/uploads\/2025\/04\/wine-tourism-ibiza.jpg\" alt=\"Weintourismus auf Ibiza\" style=\"aspect-ratio:1.6666666666666667;width:1000px;height:auto\"\/><\/figure>\n\n\n\n<p class=\"wp-block-paragraph\"><\/p>\n\n\n\n<p class=\"wp-block-paragraph\">&nbsp;<\/p>\n\n\n\n<p class=\"wp-block-paragraph\">Im Glas zeigen sich die Rotweine in Kirschrot oder dunklem Kirschton, mit Aromen von reifen Fr\u00fcchten und Erdbeerkaramell. Am Gaumen sind es dichte, runde und warme Weine mit Ankl\u00e4ngen von Obst mit Branntwein.&nbsp; Die Ros\u00e9weine hingegen zeigen Farbt\u00f6ne, die von Lachs bis Kirschrosa reichen, mit ausgewogenen Aromen und K\u00f6rper. Und schlie\u00dflich schwanken die Wei\u00dfweine aus Ibiza zwischen Zitronengelb und Strohgelb, weisen Aromen von reifen \u00c4pfeln und Blumen auf und bieten am Gaumen Ausgewogenheit und Frische.<\/p>\n\n\n\n<p class=\"wp-block-paragraph\">Ein Teil ihrer organoleptischen Eigenschaften steht in direktem Zusammenhang mit den geografischen Besonderheiten der Insel, wie ihrer intensiven Sonneneinstrahlung, den hohen Temperaturen und dem Wassermangel, die die Reifung der Trauben beschleunigen, eine geringe Produktion bewirken und einen hohen Gehalt an Polyphenolen und Zucker f\u00f6rdern. Auf der anderen Seite senkt der tonhaltige Boden mit hohem Carbonatgehalt den Alkoholgehalt der Weine.<\/p>\n\n\n\n<p class=\"wp-block-paragraph\">&nbsp;<\/p>\n\n\n\n<p class=\"wp-block-paragraph\">&nbsp;<\/p>\n\n\n\n<h2 class=\"wp-block-heading\">Weinroute auf Ibiza: Ein F\u00fchrer zu den Weing\u00fctern und Weinbergen der Insel<\/h2>\n\n\n\n<p class=\"wp-block-paragraph\">&nbsp;<\/p>\n\n\n\n<figure class=\"wp-block-image is-resized\"><img decoding=\"async\" src=\"https:\/\/blog.fuerte-group.com\/wp-content\/uploads\/2025\/04\/vineyard-ibiza.jpg\" alt=\"Weintourismus auf Ibiza\" style=\"aspect-ratio:1.6666666666666667;width:1000px;height:auto\"\/><\/figure>\n\n\n\n<p class=\"wp-block-paragraph\"><\/p>\n\n\n\n<p class=\"wp-block-paragraph\">&nbsp;<\/p>\n\n\n\n<p class=\"wp-block-paragraph\">Aufgrund der geringen Gr\u00f6\u00dfe der Insel k\u00f6nnen Sie diese Route an einem einzigen Tag machen oder ihre Weing\u00fcter an verschiedenen Tagen besuchen, sei es auf dem Weg zum Strand, zu Beginn einer Wanderung oder auf einer Autofahrt durch das Innere von Ibiza&#8230;<\/p>\n\n\n\n<p class=\"wp-block-paragraph\">&nbsp;<\/p>\n\n\n\n<h3 class=\"wp-block-heading\">Can Maym\u00f3, Sant Mateu<\/h3>\n\n\n\n<p class=\"wp-block-paragraph\">&nbsp;<\/p>\n\n\n\n<figure class=\"wp-block-image is-resized\"><img decoding=\"async\" src=\"https:\/\/blog.fuerte-group.com\/wp-content\/uploads\/2025\/04\/bodega-can-maymo-ibiza.jpg\" alt=\"Can Maym\u00f3, Sant Mateu\" style=\"aspect-ratio:1.6666666666666667;width:1000px;height:auto\"\/><\/figure>\n\n\n\n<p class=\"wp-block-paragraph\"><\/p>\n\n\n\n<p class=\"wp-block-paragraph\">&nbsp;<\/p>\n\n\n\n<p class=\"wp-block-paragraph\">Dieses kleine Familienweingut, das 1995 von dem Ibizenker Antonio Costa gegr\u00fcndet wurde, verf\u00fcgt \u00fcber 7 Hektar Weinberge, die sich rund um die D\u00f6rfer Sant Mateu, Santa Gertrudis und Sant Agn\u00e8s erstrecken, wobei der Gro\u00dfteil davon in Spalier gepflanzt ist. Ihre Arbeit basiert auf dem gr\u00f6\u00dftm\u00f6glichen Respekt vor der Umwelt, weshalb sie den Rebschnitt und die Weinlese von Hand, Rebe f\u00fcr Rebe, durchf\u00fchren. Das Weingut kann besichtigt werden. Au\u00dferdem werden Weinproben angeboten, die von einem Aperitif oder einer Auswahl an K\u00e4se- und Wurstspezialit\u00e4ten aus Ibiza begleitet werden. Es empfiehlt sich, die Verf\u00fcgbarkeit im Voraus zu pr\u00fcfen.<\/p>\n\n\n\n<p class=\"wp-block-paragraph\"><strong>Besuche<\/strong><\/p>\n\n\n\n<p class=\"wp-block-paragraph\">Besichtigungen und Verkostungen sind nur nach vorheriger Reservierung m\u00f6glich. Es empfiehlt sich, das Weingut direkt zu kontaktieren, um sich \u00fcber die verf\u00fcgbaren Tage und Uhrzeiten zu informieren..<\/p>\n\n\n\n<p class=\"wp-block-paragraph\"><a href=\"https:\/\/bodegascanmaymo.com\/\" target=\"_blank\" rel=\"noopener\">bodegascanmaymo.com<\/a><\/p>\n\n\n\n<p class=\"wp-block-paragraph\">&nbsp;<\/p>\n\n\n\n<h3 class=\"wp-block-heading\">Can Rich de Buscastell, Sant Antoni<\/h3>\n\n\n\n<p class=\"wp-block-paragraph\">&nbsp;<\/p>\n\n\n\n<figure class=\"wp-block-image is-resized\"><img decoding=\"async\" src=\"https:\/\/blog.fuerte-group.com\/wp-content\/uploads\/2025\/04\/bodega-can-rich-ibiza.jpg\" alt=\"Can Rich de Buscastell, Sant Antoni\" style=\"aspect-ratio:1.6666666666666667;width:1000px;height:auto\"\/><\/figure>\n\n\n\n<p class=\"wp-block-paragraph\"><\/p>\n\n\n\n<p class=\"wp-block-paragraph\">&nbsp;<\/p>\n\n\n\n<p class=\"wp-block-paragraph\">In der N\u00e4he des Dorfes Sant Antoni war diese Bodega eine derjenigen, die in den 90er Jahren darauf setzten, den Wein aus Ibiza an den ihm geb\u00fchrenden Platz zu bringen. Mit insgesamt 21 Hektar Weinbergen mit traditionellen und fremden Sorten zeichnet sich das Weingut durch seine \u00f6kologische Produktion aus und gilt auf der Insel als Pionier. Neben ihren Weinen und Schaumweinen mit \u00f6kologischem G\u00fctesiegel produzieren sie auch ibizenkische Kr\u00e4uterlik\u00f6re, Wermut, Essig und Oliven\u00f6le, dank ihrer \u00fcber 3.000 Olivenb\u00e4ume, die rund um den Naturpark Ses Salines gepflanzt wurden.<\/p>\n\n\n\n<p class=\"wp-block-paragraph\"><strong>Besuche<\/strong><\/p>\n\n\n\n<p class=\"wp-block-paragraph\">Besichtigungen werden montags bis freitags um 10:00 Uhr und um 12:00 Uhr angeboten. Eine Reservierungsanfrage muss vorab gestellt und die Best\u00e4tigung der Verf\u00fcgbarkeit durch das Weingut abgewartet werden.<\/p>\n\n\n\n<p class=\"wp-block-paragraph\"><a href=\"https:\/\/bodegascanrich.com\/\" target=\"_blank\" rel=\"noopener\">bodegascanrich.com<\/a><\/p>\n\n\n\n<p class=\"wp-block-paragraph\">&nbsp;<\/p>\n\n\n\n<h3 class=\"wp-block-heading\">Ojo de Ibiza, Sant Mateu<\/h3>\n\n\n\n<p class=\"wp-block-paragraph\">&nbsp;<\/p>\n\n\n\n<figure class=\"wp-block-image is-resized\"><img decoding=\"async\" src=\"https:\/\/blog.fuerte-group.com\/wp-content\/uploads\/2025\/04\/bodega-ojo-de-ibiza-1.jpg\" alt=\"Ojo de Ibiza, Sant Mateu\" style=\"aspect-ratio:1.6666666666666667;width:1000px;height:auto\"\/><\/figure>\n\n\n\n<p class=\"wp-block-paragraph\"><\/p>\n\n\n\n<p class=\"wp-block-paragraph\">&nbsp;<\/p>\n\n\n\n<p class=\"wp-block-paragraph\">Gegr\u00fcndet im Jahr 2015 von Dieter Meier auf Basis der alten Bodega Sa Cova, erzeugen ihre 12 Hektar Weinberge Rot-, Ros\u00e9- und Wei\u00dfweine. Das Weingut organisiert exklusive Verkostungen, bei denen Besucher seine Weine und seine Philosophie der Weinherstellung kennenlernen k\u00f6nnen. Dazu werden lokale Produkte serviert. Auf Anfrage erteilt das Weingut auch Auskunft \u00fcber private Besichtigungen und weitere Erlebnisse.<\/p>\n\n\n\n<p class=\"wp-block-paragraph\"><strong>Besuche<\/strong><\/p>\n\n\n\n<p class=\"wp-block-paragraph\">Die Verkostungen werden saisonabh\u00e4ngig angeboten und m\u00fcssen im Voraus reserviert werden. Es empfiehlt sich, die Verf\u00fcgbarkeit direkt beim Weingut zu erfragen.<\/p>\n\n\n\n<p class=\"wp-block-paragraph\"><a href=\"https:\/\/www.ojoibiza.com\/\" target=\"_blank\" rel=\"noopener\">ojoibiza.com<\/a><\/p>\n\n\n\n<p class=\"wp-block-paragraph\">&nbsp;<\/p>\n\n\n\n<h3 class=\"wp-block-heading\">Ibizkus, Santa Eul\u00e0ria<\/h3>\n\n\n\n<p class=\"wp-block-paragraph\">&nbsp;<\/p>\n\n\n\n<figure class=\"wp-block-image is-resized\"><img decoding=\"async\" src=\"https:\/\/blog.fuerte-group.com\/wp-content\/uploads\/2025\/04\/bodega-ibizkus-ibiza-1.jpg\" alt=\"Ibizkus, Santa Eul\u00e0ria\" style=\"aspect-ratio:1.6666666666666667;width:1000px;height:auto\"\/><\/figure>\n\n\n\n<p class=\"wp-block-paragraph\"><\/p>\n\n\n\n<p class=\"wp-block-paragraph\">&nbsp;<\/p>\n\n\n\n<p class=\"wp-block-paragraph\">Dieses 2007 gegr\u00fcndete Weingut liegt an der Hauptstra\u00dfe zwischen Ibiza-Stadt und Santa Eul\u00e0ria und verf\u00fcgt \u00fcber einen ganzj\u00e4hrig ge\u00f6ffneten Verkostungsraum. Au\u00dferdem k\u00f6nnen Weinproben gebucht werden. Sie k\u00f6nnen zwischen verschiedenen Optionen w\u00e4hlen, von einer, die 4 Can Bass\u00f3- und Ibizkus-Weine mit Aperitif enth\u00e4lt, bis hin zu einer, die sich auf ein Weinpairing konzentriert, bei dem die Weine mit iberischen Wurstwaren, Inselk\u00e4se und anderen gastronomischen Produkten begleitet werden.<\/p>\n\n\n\n<p class=\"wp-block-paragraph\"><strong>Besuche<\/strong><\/p>\n\n\n\n<p class=\"wp-block-paragraph\">Verkostungsraum und Gesch\u00e4ft: montags von 11:00 bis 17:00 Uhr, dienstags bis freitags von 11:00 bis 19:00 Uhr und samstags von 11:00 bis 15:00 Uhr.<\/p>\n\n\n\n<p class=\"wp-block-paragraph\"><a href=\"https:\/\/ibizkus.com\/\" target=\"_blank\" rel=\"noopener\">ibizkus.com<\/a><\/p>\n\n\n\n<p class=\"wp-block-paragraph\">&nbsp;<\/p>\n\n\n\n<h2 class=\"wp-block-heading\">Ein Hotel f\u00fcr Ihren Weintourismus-Urlaub auf Ibiza<\/h2>\n\n\n\n<p class=\"wp-block-paragraph\">&nbsp;<\/p>\n\n\n\n<figure class=\"wp-block-image is-resized\"><img decoding=\"async\" src=\"https:\/\/blog.fuerte-group.com\/wp-content\/uploads\/2023\/04\/amare-beach-hotel-ibiza-vista-drone.jpg\" alt=\"Am\u00e0re Beach Hotel Ibiza\" style=\"aspect-ratio:1.6666666666666667;width:1000px;height:auto\"\/><\/figure>\n\n\n\n<p class=\"wp-block-paragraph\"><\/p>\n\n\n\n<p class=\"wp-block-paragraph\">&nbsp;<\/p>\n\n\n\n<p class=\"wp-block-paragraph\">Das <a href=\"https:\/\/www.amarehotels.com\/de\/amare-ibiza\/\"><strong>Am\u00e0re Beach Hotel Ibiza<\/strong><\/a>, weniger als 20\/25 Minuten mit dem Auto von den Weinbergen von Sant Antoni, Sant Mateu und Santa Gertrudis entfernt gelegen, bietet Ihnen eine luxuri\u00f6se Basis, um die Weinkeller von Ibiza zu besuchen. Bei Ihrer R\u00fcckkehr k\u00f6nnen Sie unsere Weine in unseren gastronomischen Bereichen und auf der Rooftop-Terrasse genie\u00dfen sowie sich in den fabelhaften Zimmern und Suiten, in einem der beiden Pools oder im Spa by Germaine Capuccini entspannen. Buchen Sie noch heute Ihren Aufenthalt und bereiten Sie sich auf einen cineastischen Gourmet-Urlaub vor. #WhatAFeeling!<\/p>\n\n\n\n<p class=\"wp-block-paragraph\"><\/p>\n","protected":false},"excerpt":{"rendered":"<p>Der Sommer und der Herbst sind die besten Zeiten f\u00fcr den Ausflug&nbsp; Wein- und Weinstra\u00dfe&nbsp; Ibiza, ein \u00e4u\u00dferst attraktiver Plan [&hellip;]<\/p>\n","protected":false},"author":5,"featured_media":6760,"comment_status":"open","ping_status":"open","sticky":false,"template":"","format":"standard","meta":{"_acf_changed":false,"site-sidebar-layout":"default","site-content-layout":"","ast-site-content-layout":"default","site-content-style":"default","site-sidebar-style":"default","ast-global-header-display":"","ast-banner-title-visibility":"","ast-main-header-display":"","ast-hfb-above-header-display":"","ast-hfb-below-header-display":"","ast-hfb-mobile-header-display":"","site-post-title":"","ast-breadcrumbs-content":"","ast-featured-img":"","footer-sml-layout":"","theme-transparent-header-meta":"","adv-header-id-meta":"","stick-header-meta":"","header-above-stick-meta":"","header-main-stick-meta":"","header-below-stick-meta":"","astra-migrate-meta-layouts":"default","ast-page-background-enabled":"default","ast-page-background-meta":{"desktop":{"background-color":"var(--ast-global-color-5)","background-image":"","background-repeat":"repeat","background-position":"center center","background-size":"auto","background-attachment":"scroll","background-type":"","background-media":"","overlay-type":"","overlay-color":"","overlay-opacity":"","overlay-gradient":""},"tablet":{"background-color":"","background-image":"","background-repeat":"repeat","background-position":"center center","background-size":"auto","background-attachment":"scroll","background-type":"","background-media":"","overlay-type":"","overlay-color":"","overlay-opacity":"","overlay-gradient":""},"mobile":{"background-color":"","background-image":"","background-repeat":"repeat","background-position":"center center","background-size":"auto","background-attachment":"scroll","background-type":"","background-media":"","overlay-type":"","overlay-color":"","overlay-opacity":"","overlay-gradient":""}},"ast-content-background-meta":{"desktop":{"background-color":"var(--ast-global-color-4)","background-image":"","background-repeat":"repeat","background-position":"center center","background-size":"auto","background-attachment":"scroll","background-type":"","background-media":"","overlay-type":"","overlay-color":"","overlay-opacity":"","overlay-gradient":""},"tablet":{"background-color":"var(--ast-global-color-4)","background-image":"","background-repeat":"repeat","background-position":"center center","background-size":"auto","background-attachment":"scroll","background-type":"","background-media":"","overlay-type":"","overlay-color":"","overlay-opacity":"","overlay-gradient":""},"mobile":{"background-color":"var(--ast-global-color-4)","background-image":"","background-repeat":"repeat","background-position":"center center","background-size":"auto","background-attachment":"scroll","background-type":"","background-media":"","overlay-type":"","overlay-color":"","overlay-opacity":"","overlay-gradient":""}},"footnotes":""},"categories":[191,193],"tags":[241,236,237],"hotel":[252],"class_list":["post-8951","post","type-post","status-publish","format-standard","has-post-thumbnail","hentry","category-blog-4","category-tourismus","tag-aktivitaeten","tag-essen","tag-freizeit","hotel-amare-hotels-de"],"acf":[],"yoast_head":"<!-- This site is optimized with the Yoast SEO plugin v26.4 - https:\/\/yoast.com\/wordpress\/plugins\/seo\/ -->\n<title>Wein und Weing\u00fcter, Weintourismus auf Ibiza<\/title>\n<meta name=\"description\" content=\"Lieben Sie Weintourismus? Entdecken Sie Ibizas Weing\u00fcter, nachhaltige Weinberge &amp; jahrhundertealte Tradition.\" \/>\n<meta name=\"robots\" content=\"index, follow, max-snippet:-1, max-image-preview:large, max-video-preview:-1\" \/>\n<link rel=\"canonical\" href=\"https:\/\/blog.fuerte-group.com\/de\/weintourismus-auf-ibiza\/\" \/>\n<meta property=\"og:locale\" content=\"de_DE\" \/>\n<meta property=\"og:type\" content=\"article\" \/>\n<meta property=\"og:title\" content=\"Wein und Weing\u00fcter, Weintourismus auf Ibiza\" \/>\n<meta property=\"og:description\" content=\"Lieben Sie Weintourismus? Entdecken Sie Ibizas Weing\u00fcter, nachhaltige Weinberge &amp; jahrhundertealte Tradition.\" \/>\n<meta property=\"og:url\" content=\"https:\/\/blog.fuerte-group.com\/de\/weintourismus-auf-ibiza\/\" \/>\n<meta property=\"og:site_name\" content=\"Blog - Fuerte Group Hotels\" \/>\n<meta property=\"article:published_time\" content=\"2025-05-07T03:57:11+00:00\" \/>\n<meta property=\"article:modified_time\" content=\"2026-09-04T12:26:29+00:00\" \/>\n<meta property=\"og:image\" content=\"https:\/\/blog.fuerte-group.com\/wp-content\/uploads\/2025\/10\/wine-tourism-ibiza-2.jpg\" \/>\n\t<meta property=\"og:image:width\" content=\"1000\" \/>\n\t<meta property=\"og:image:height\" content=\"600\" \/>\n\t<meta property=\"og:image:type\" content=\"image\/jpeg\" \/>\n<meta name=\"author\" content=\"Fuerte Group\" \/>\n<meta name=\"twitter:card\" content=\"summary_large_image\" \/>\n<meta name=\"twitter:label1\" content=\"Verfasst von\" \/>\n\t<meta name=\"twitter:data1\" content=\"Fuerte Group\" \/>\n\t<meta name=\"twitter:label2\" content=\"Gesch\u00e4tzte Lesezeit\" \/>\n\t<meta name=\"twitter:data2\" content=\"7\u00a0Minuten\" \/>\n<script type=\"application\/ld+json\" class=\"yoast-schema-graph\">{\"@context\":\"https:\/\/schema.org\",\"@graph\":[{\"@type\":[\"Article\",\"BlogPosting\"],\"@id\":\"https:\/\/blog.fuerte-group.com\/de\/weintourismus-auf-ibiza\/#article\",\"isPartOf\":{\"@id\":\"https:\/\/blog.fuerte-group.com\/de\/weintourismus-auf-ibiza\/\"},\"author\":{\"name\":\"Fuerte Group\",\"@id\":\"https:\/\/blog.fuerte-group.com\/de\/#\/schema\/person\/2dbca6937e0807c084d3b91d5e45de9d\"},\"headline\":\"Wein und Weing\u00fcter, Weintourismus auf Ibiza\",\"datePublished\":\"2025-05-07T03:57:11+00:00\",\"dateModified\":\"2026-09-04T12:26:29+00:00\",\"mainEntityOfPage\":{\"@id\":\"https:\/\/blog.fuerte-group.com\/de\/weintourismus-auf-ibiza\/\"},\"wordCount\":1181,\"commentCount\":0,\"publisher\":{\"@id\":\"https:\/\/blog.fuerte-group.com\/de\/#organization\"},\"image\":{\"@id\":\"https:\/\/blog.fuerte-group.com\/de\/weintourismus-auf-ibiza\/#primaryimage\"},\"thumbnailUrl\":\"https:\/\/blog.fuerte-group.com\/wp-content\/uploads\/2025\/10\/wine-tourism-ibiza-2.jpg\",\"keywords\":[\"Aktivit\u00e4ten\",\"Essen\",\"Freizeit\"],\"articleSection\":[\"blog\",\"Tourismus\"],\"inLanguage\":\"de\",\"potentialAction\":[{\"@type\":\"CommentAction\",\"name\":\"Comment\",\"target\":[\"https:\/\/blog.fuerte-group.com\/de\/weintourismus-auf-ibiza\/#respond\"]}]},{\"@type\":\"WebPage\",\"@id\":\"https:\/\/blog.fuerte-group.com\/de\/weintourismus-auf-ibiza\/\",\"url\":\"https:\/\/blog.fuerte-group.com\/de\/weintourismus-auf-ibiza\/\",\"name\":\"Wein und Weing\u00fcter, Weintourismus auf Ibiza\",\"isPartOf\":{\"@id\":\"https:\/\/blog.fuerte-group.com\/de\/#website\"},\"primaryImageOfPage\":{\"@id\":\"https:\/\/blog.fuerte-group.com\/de\/weintourismus-auf-ibiza\/#primaryimage\"},\"image\":{\"@id\":\"https:\/\/blog.fuerte-group.com\/de\/weintourismus-auf-ibiza\/#primaryimage\"},\"thumbnailUrl\":\"https:\/\/blog.fuerte-group.com\/wp-content\/uploads\/2025\/10\/wine-tourism-ibiza-2.jpg\",\"datePublished\":\"2025-05-07T03:57:11+00:00\",\"dateModified\":\"2026-09-04T12:26:29+00:00\",\"description\":\"Lieben Sie Weintourismus? Entdecken Sie Ibizas Weing\u00fcter, nachhaltige Weinberge & jahrhundertealte Tradition.\",\"breadcrumb\":{\"@id\":\"https:\/\/blog.fuerte-group.com\/de\/weintourismus-auf-ibiza\/#breadcrumb\"},\"inLanguage\":\"de\",\"potentialAction\":[{\"@type\":\"ReadAction\",\"target\":[\"https:\/\/blog.fuerte-group.com\/de\/weintourismus-auf-ibiza\/\"]}]},{\"@type\":\"ImageObject\",\"inLanguage\":\"de\",\"@id\":\"https:\/\/blog.fuerte-group.com\/de\/weintourismus-auf-ibiza\/#primaryimage\",\"url\":\"https:\/\/blog.fuerte-group.com\/wp-content\/uploads\/2025\/10\/wine-tourism-ibiza-2.jpg\",\"contentUrl\":\"https:\/\/blog.fuerte-group.com\/wp-content\/uploads\/2025\/10\/wine-tourism-ibiza-2.jpg\",\"width\":1000,\"height\":600},{\"@type\":\"BreadcrumbList\",\"@id\":\"https:\/\/blog.fuerte-group.com\/de\/weintourismus-auf-ibiza\/#breadcrumb\",\"itemListElement\":[{\"@type\":\"ListItem\",\"position\":1,\"name\":\"Portada\",\"item\":\"https:\/\/blog.fuerte-group.com\/de\/\"},{\"@type\":\"ListItem\",\"position\":2,\"name\":\"Wein und Weing\u00fcter, Weintourismus auf Ibiza\"}]},{\"@type\":\"WebSite\",\"@id\":\"https:\/\/blog.fuerte-group.com\/de\/#website\",\"url\":\"https:\/\/blog.fuerte-group.com\/de\/\",\"name\":\"Blog - Fuerte Group Hotels\",\"description\":\"Blog Andalucia e Ibiza - Fuerte Group Hotels\",\"publisher\":{\"@id\":\"https:\/\/blog.fuerte-group.com\/de\/#organization\"},\"alternateName\":\"blog-fgh\",\"potentialAction\":[{\"@type\":\"SearchAction\",\"target\":{\"@type\":\"EntryPoint\",\"urlTemplate\":\"https:\/\/blog.fuerte-group.com\/de\/?s={search_term_string}\"},\"query-input\":{\"@type\":\"PropertyValueSpecification\",\"valueRequired\":true,\"valueName\":\"search_term_string\"}}],\"inLanguage\":\"de\"},{\"@type\":\"Organization\",\"@id\":\"https:\/\/blog.fuerte-group.com\/de\/#organization\",\"name\":\"Fuerte Group S.L.\",\"alternateName\":\"Fuerte Group S.L.\",\"url\":\"https:\/\/blog.fuerte-group.com\/de\/\",\"logo\":{\"@type\":\"ImageObject\",\"inLanguage\":\"de\",\"@id\":\"https:\/\/blog.fuerte-group.com\/de\/#\/schema\/logo\/image\/\",\"url\":\"https:\/\/blog.fuerte-group.com\/wp-content\/uploads\/2025\/05\/logo-fuerte-group-blog-naranja-02.svg\",\"contentUrl\":\"https:\/\/blog.fuerte-group.com\/wp-content\/uploads\/2025\/05\/logo-fuerte-group-blog-naranja-02.svg\",\"caption\":\"Fuerte Group S.L.\"},\"image\":{\"@id\":\"https:\/\/blog.fuerte-group.com\/de\/#\/schema\/logo\/image\/\"}},{\"@type\":\"Person\",\"@id\":\"https:\/\/blog.fuerte-group.com\/de\/#\/schema\/person\/2dbca6937e0807c084d3b91d5e45de9d\",\"name\":\"Fuerte Group\",\"image\":{\"@type\":\"ImageObject\",\"inLanguage\":\"de\",\"@id\":\"https:\/\/blog.fuerte-group.com\/de\/#\/schema\/person\/image\/\",\"url\":\"https:\/\/secure.gravatar.com\/avatar\/1252cf13fd5ebc8ff2eb376323ce749771613b9f6684dd6fcfe90ce1ec0d978b?s=96&d=mm&r=g\",\"contentUrl\":\"https:\/\/secure.gravatar.com\/avatar\/1252cf13fd5ebc8ff2eb376323ce749771613b9f6684dd6fcfe90ce1ec0d978b?s=96&d=mm&r=g\",\"caption\":\"Fuerte Group\"},\"description\":\"Fuerte Group Hotels es la divisi\u00f3n hotelera del Grupo El Fuerte, un grupo empresarial familiar andaluz fundado en 1957 por Jos\u00e9 Luque Manzano. Fuerte Group Hotels se componde de 5 marcas distintas, cada una de ellas con una personalidad propia. Fuerte Hoteles, para toda la familia; Am\u00e0re Hotels, recomendada para adultos; Ol\u00e9e Holiday Rentals, apartamentos vacacionales; El Fuerte Marbella, lujo casual 5 estrellas; y DAIA, hoteles para un descanso \u2018slow beach\u2019.\",\"sameAs\":[\"https:\/\/www.fuerte-group.com\/\"],\"url\":\"https:\/\/blog.fuerte-group.com\/de\/author\/fuertegroup\/\"}]}<\/script>\n<!-- \/ Yoast SEO plugin. -->","yoast_head_json":{"title":"Wein und Weing\u00fcter, Weintourismus auf Ibiza","description":"Lieben Sie Weintourismus? Entdecken Sie Ibizas Weing\u00fcter, nachhaltige Weinberge & jahrhundertealte Tradition.","robots":{"index":"index","follow":"follow","max-snippet":"max-snippet:-1","max-image-preview":"max-image-preview:large","max-video-preview":"max-video-preview:-1"},"canonical":"https:\/\/blog.fuerte-group.com\/de\/weintourismus-auf-ibiza\/","og_locale":"de_DE","og_type":"article","og_title":"Wein und Weing\u00fcter, Weintourismus auf Ibiza","og_description":"Lieben Sie Weintourismus? Entdecken Sie Ibizas Weing\u00fcter, nachhaltige Weinberge & jahrhundertealte Tradition.","og_url":"https:\/\/blog.fuerte-group.com\/de\/weintourismus-auf-ibiza\/","og_site_name":"Blog - Fuerte Group Hotels","article_published_time":"2025-05-07T03:57:11+00:00","article_modified_time":"2026-09-04T12:26:29+00:00","og_image":[{"width":1000,"height":600,"url":"https:\/\/blog.fuerte-group.com\/wp-content\/uploads\/2025\/10\/wine-tourism-ibiza-2.jpg","type":"image\/jpeg"}],"author":"Fuerte Group","twitter_card":"summary_large_image","twitter_misc":{"Verfasst von":"Fuerte Group","Gesch\u00e4tzte Lesezeit":"7\u00a0Minuten"},"schema":{"@context":"https:\/\/schema.org","@graph":[{"@type":["Article","BlogPosting"],"@id":"https:\/\/blog.fuerte-group.com\/de\/weintourismus-auf-ibiza\/#article","isPartOf":{"@id":"https:\/\/blog.fuerte-group.com\/de\/weintourismus-auf-ibiza\/"},"author":{"name":"Fuerte Group","@id":"https:\/\/blog.fuerte-group.com\/de\/#\/schema\/person\/2dbca6937e0807c084d3b91d5e45de9d"},"headline":"Wein und Weing\u00fcter, Weintourismus auf Ibiza","datePublished":"2025-05-07T03:57:11+00:00","dateModified":"2026-09-04T12:26:29+00:00","mainEntityOfPage":{"@id":"https:\/\/blog.fuerte-group.com\/de\/weintourismus-auf-ibiza\/"},"wordCount":1181,"commentCount":0,"publisher":{"@id":"https:\/\/blog.fuerte-group.com\/de\/#organization"},"image":{"@id":"https:\/\/blog.fuerte-group.com\/de\/weintourismus-auf-ibiza\/#primaryimage"},"thumbnailUrl":"https:\/\/blog.fuerte-group.com\/wp-content\/uploads\/2025\/10\/wine-tourism-ibiza-2.jpg","keywords":["Aktivit\u00e4ten","Essen","Freizeit"],"articleSection":["blog","Tourismus"],"inLanguage":"de","potentialAction":[{"@type":"CommentAction","name":"Comment","target":["https:\/\/blog.fuerte-group.com\/de\/weintourismus-auf-ibiza\/#respond"]}]},{"@type":"WebPage","@id":"https:\/\/blog.fuerte-group.com\/de\/weintourismus-auf-ibiza\/","url":"https:\/\/blog.fuerte-group.com\/de\/weintourismus-auf-ibiza\/","name":"Wein und Weing\u00fcter, Weintourismus auf Ibiza","isPartOf":{"@id":"https:\/\/blog.fuerte-group.com\/de\/#website"},"primaryImageOfPage":{"@id":"https:\/\/blog.fuerte-group.com\/de\/weintourismus-auf-ibiza\/#primaryimage"},"image":{"@id":"https:\/\/blog.fuerte-group.com\/de\/weintourismus-auf-ibiza\/#primaryimage"},"thumbnailUrl":"https:\/\/blog.fuerte-group.com\/wp-content\/uploads\/2025\/10\/wine-tourism-ibiza-2.jpg","datePublished":"2025-05-07T03:57:11+00:00","dateModified":"2026-09-04T12:26:29+00:00","description":"Lieben Sie Weintourismus? Entdecken Sie Ibizas Weing\u00fcter, nachhaltige Weinberge & jahrhundertealte Tradition.","breadcrumb":{"@id":"https:\/\/blog.fuerte-group.com\/de\/weintourismus-auf-ibiza\/#breadcrumb"},"inLanguage":"de","potentialAction":[{"@type":"ReadAction","target":["https:\/\/blog.fuerte-group.com\/de\/weintourismus-auf-ibiza\/"]}]},{"@type":"ImageObject","inLanguage":"de","@id":"https:\/\/blog.fuerte-group.com\/de\/weintourismus-auf-ibiza\/#primaryimage","url":"https:\/\/blog.fuerte-group.com\/wp-content\/uploads\/2025\/10\/wine-tourism-ibiza-2.jpg","contentUrl":"https:\/\/blog.fuerte-group.com\/wp-content\/uploads\/2025\/10\/wine-tourism-ibiza-2.jpg","width":1000,"height":600},{"@type":"BreadcrumbList","@id":"https:\/\/blog.fuerte-group.com\/de\/weintourismus-auf-ibiza\/#breadcrumb","itemListElement":[{"@type":"ListItem","position":1,"name":"Portada","item":"https:\/\/blog.fuerte-group.com\/de\/"},{"@type":"ListItem","position":2,"name":"Wein und Weing\u00fcter, Weintourismus auf Ibiza"}]},{"@type":"WebSite","@id":"https:\/\/blog.fuerte-group.com\/de\/#website","url":"https:\/\/blog.fuerte-group.com\/de\/","name":"Blog - Fuerte Group Hotels","description":"Blog Andalucia e Ibiza - Fuerte Group Hotels","publisher":{"@id":"https:\/\/blog.fuerte-group.com\/de\/#organization"},"alternateName":"blog-fgh","potentialAction":[{"@type":"SearchAction","target":{"@type":"EntryPoint","urlTemplate":"https:\/\/blog.fuerte-group.com\/de\/?s={search_term_string}"},"query-input":{"@type":"PropertyValueSpecification","valueRequired":true,"valueName":"search_term_string"}}],"inLanguage":"de"},{"@type":"Organization","@id":"https:\/\/blog.fuerte-group.com\/de\/#organization","name":"Fuerte Group S.L.","alternateName":"Fuerte Group S.L.","url":"https:\/\/blog.fuerte-group.com\/de\/","logo":{"@type":"ImageObject","inLanguage":"de","@id":"https:\/\/blog.fuerte-group.com\/de\/#\/schema\/logo\/image\/","url":"https:\/\/blog.fuerte-group.com\/wp-content\/uploads\/2025\/05\/logo-fuerte-group-blog-naranja-02.svg","contentUrl":"https:\/\/blog.fuerte-group.com\/wp-content\/uploads\/2025\/05\/logo-fuerte-group-blog-naranja-02.svg","caption":"Fuerte Group S.L."},"image":{"@id":"https:\/\/blog.fuerte-group.com\/de\/#\/schema\/logo\/image\/"}},{"@type":"Person","@id":"https:\/\/blog.fuerte-group.com\/de\/#\/schema\/person\/2dbca6937e0807c084d3b91d5e45de9d","name":"Fuerte Group","image":{"@type":"ImageObject","inLanguage":"de","@id":"https:\/\/blog.fuerte-group.com\/de\/#\/schema\/person\/image\/","url":"https:\/\/secure.gravatar.com\/avatar\/1252cf13fd5ebc8ff2eb376323ce749771613b9f6684dd6fcfe90ce1ec0d978b?s=96&d=mm&r=g","contentUrl":"https:\/\/secure.gravatar.com\/avatar\/1252cf13fd5ebc8ff2eb376323ce749771613b9f6684dd6fcfe90ce1ec0d978b?s=96&d=mm&r=g","caption":"Fuerte Group"},"description":"Fuerte Group Hotels es la divisi\u00f3n hotelera del Grupo El Fuerte, un grupo empresarial familiar andaluz fundado en 1957 por Jos\u00e9 Luque Manzano. Fuerte Group Hotels se componde de 5 marcas distintas, cada una de ellas con una personalidad propia. Fuerte Hoteles, para toda la familia; Am\u00e0re Hotels, recomendada para adultos; Ol\u00e9e Holiday Rentals, apartamentos vacacionales; El Fuerte Marbella, lujo casual 5 estrellas; y DAIA, hoteles para un descanso \u2018slow beach\u2019.","sameAs":["https:\/\/www.fuerte-group.com\/"],"url":"https:\/\/blog.fuerte-group.com\/de\/author\/fuertegroup\/"}]}},"amp_enabled":true,"_links":{"self":[{"href":"https:\/\/blog.fuerte-group.com\/de\/wp-json\/wp\/v2\/posts\/8951","targetHints":{"allow":["GET"]}}],"collection":[{"href":"https:\/\/blog.fuerte-group.com\/de\/wp-json\/wp\/v2\/posts"}],"about":[{"href":"https:\/\/blog.fuerte-group.com\/de\/wp-json\/wp\/v2\/types\/post"}],"author":[{"embeddable":true,"href":"https:\/\/blog.fuerte-group.com\/de\/wp-json\/wp\/v2\/users\/5"}],"replies":[{"embeddable":true,"href":"https:\/\/blog.fuerte-group.com\/de\/wp-json\/wp\/v2\/comments?post=8951"}],"version-history":[{"count":2,"href":"https:\/\/blog.fuerte-group.com\/de\/wp-json\/wp\/v2\/posts\/8951\/revisions"}],"predecessor-version":[{"id":11233,"href":"https:\/\/blog.fuerte-group.com\/de\/wp-json\/wp\/v2\/posts\/8951\/revisions\/11233"}],"wp:featuredmedia":[{"embeddable":true,"href":"https:\/\/blog.fuerte-group.com\/de\/wp-json\/wp\/v2\/media\/6760"}],"wp:attachment":[{"href":"https:\/\/blog.fuerte-group.com\/de\/wp-json\/wp\/v2\/media?parent=8951"}],"wp:term":[{"taxonomy":"category","embeddable":true,"href":"https:\/\/blog.fuerte-group.com\/de\/wp-json\/wp\/v2\/categories?post=8951"},{"taxonomy":"post_tag","embeddable":true,"href":"https:\/\/blog.fuerte-group.com\/de\/wp-json\/wp\/v2\/tags?post=8951"},{"taxonomy":"hotel","embeddable":true,"href":"https:\/\/blog.fuerte-group.com\/de\/wp-json\/wp\/v2\/hotel?post=8951"}],"curies":[{"name":"wp","href":"https:\/\/api.w.org\/{rel}","templated":true}]}}