{"id":8954,"date":"2025-06-18T06:57:28","date_gmt":"2025-06-18T04:57:28","guid":{"rendered":"https:\/\/blog.fuerte-group.com\/wanderwege-auf-ibiza\/"},"modified":"2026-08-21T10:04:06","modified_gmt":"2026-08-21T08:04:06","slug":"wanderwege-auf-ibiza","status":"publish","type":"post","link":"https:\/\/blog.fuerte-group.com\/de\/wanderwege-auf-ibiza\/","title":{"rendered":"Wanderwege auf Ibiza: Entdecken Sie die Natur der Insel!"},"content":{"rendered":"\n<p class=\"wp-block-paragraph\">Im Winter Ihre t\u00e4glichen 10.000 Schritte zu erreichen, ist bereits ein sehr gesundes Ziel, aber es wird noch beeindruckender, wenn der Sommer kommt, Sie Ihren st\u00e4dtischen Rundgang beiseite lassen und beginnen, Wanderwege auf Ibiza zu erkunden.&nbsp; Denn in diesem Fall warten neben den Schritten auch spektakul\u00e4re Landschaften, mediterrane D\u00fcfte, erfrischende Tauchg\u00e4nge vor, w\u00e4hrend oder nach der Wanderung auf Sie, und ein wunderbares Gef\u00fchl des Wohlbefindens stellt sich ein. Sie wissen, was zu tun ist: Packen Sie Ihr liebstes <em>Sportoutfit<\/em> in den Koffer und machen Sie sich auf den Weg. Sind Sie<em> bereit<\/em>?<\/p>\n\n\n\n<p class=\"wp-block-paragraph\"><strong>Ibiza verf\u00fcgt \u00fcber ein weitl\u00e4ufiges Netz von Wanderwegen, die f\u00fcr verschiedene Schwierigkeitsgrade eingerichtet und ausgeschildert sind.<\/strong> Einige verlaufen entlang der K\u00fcste und verwandeln sich in wunderbare Aussichtspunkte, andere f\u00fchren durch die ibizenkischen Felder und die von Pinienw\u00e4ldern bedeckten Berge, die versteckte T\u00e4ler, jahrhundertealte H\u00e4user, Kirchen, Brunnen und Quellen. Je nach Ihrer Fitness k\u00f6nnen Sie auf den Tourismus-Websites von Ibiza Travel und den verschiedenen Gemeinden zwischen Rundwegen von unterschiedlicher Schwierigkeit und Dauer w\u00e4hlen. An Optionen wird es Ihnen nicht fehlen!<\/p>\n\n\n\n<p class=\"wp-block-paragraph\">&nbsp;<\/p>\n\n\n\n<h2 class=\"wp-block-heading\">Wanderwege und Landschaften des wilden Ibiza<\/h2>\n\n\n\n<p class=\"wp-block-paragraph\">&nbsp;<\/p>\n\n\n\n<figure class=\"wp-block-image\"><img decoding=\"async\" src=\"https:\/\/blog.fuerte-group.com\/wp-content\/uploads\/2025\/05\/Ibiza-hiking-trails.jpg\" alt=\"Hiking Routes and Wild Ibiza Landscapes\"\/><\/figure>\n\n\n\n<p class=\"wp-block-paragraph\"><\/p>\n\n\n\n<p class=\"wp-block-paragraph\">&nbsp;<\/p>\n\n\n\n<p class=\"wp-block-paragraph\">Die Wei\u00dfe Insel bewahrt noch immer weitl\u00e4ufige, weitgehend unber\u00fchrte Naturr\u00e4ume, die sich hervorragend zum Wandern eignen, darunter der <strong>Naturpark Ses Salines d\u2019Eivissa i Formentera, Es Amunts, Es Broll de Buscastell sowie die Naturschutzgebiete Es Vedr\u00e0, Es Vedranell i els Illots de Ponent<\/strong>.<\/p>\n\n\n\n<p class=\"wp-block-paragraph\">Dort ist es noch m\u00f6glich, endemische Arten Ibizas zu beobachten, wie die Pityusen-Eidechse (<em>Podarcis pityusensis<\/em>), sowie gesch\u00fctzte Arten, wie die Balearen-Sturmschwalbe (Puffinus mauretanicus), au\u00dferdem andere Tier- und Pflanzenarten, die auf der Insel vorkommen: Wacholder, Kiefer, Stechpalme, Zwergpalme, Mandelbaum, Johannisbrotbaum, Eleonorenfalke, Wanderfalke, Kr\u00e4henscharbe, Wiedehopf, Flamingo, Kaninchen\u2026 Und all das in einer vielf\u00e4ltigen Umgebung voller Kontraste, die D\u00fcnenlandschaften, steile Klippen, Bergketten und fruchtbare, rotbraune B\u00f6den umfasst, die f\u00fcr die Landwirtschaft bestimmt sind.<\/p>\n\n\n\n<p class=\"wp-block-paragraph\">&nbsp;<\/p>\n\n\n\n<h2 class=\"wp-block-heading\">Unverzichtbare Wanderrouten auf Ibiza<\/h2>\n\n\n\n<p class=\"wp-block-paragraph\">&nbsp;<\/p>\n\n\n\n<figure class=\"wp-block-image\"><img decoding=\"async\" src=\"https:\/\/blog.fuerte-group.com\/wp-content\/uploads\/2025\/05\/parque-natural-ses-salines-ibiza.jpg\" alt=\"Natural Park of Ses Salines\"\/><\/figure>\n\n\n\n<p class=\"wp-block-paragraph\"><\/p>\n\n\n\n<p class=\"wp-block-paragraph\">&nbsp;<\/p>\n\n\n\n<p class=\"wp-block-paragraph\">Die folgenden Rundwanderwege werden Ihnen verschiedene Facetten der Insel erschlie\u00dfen, von der entlegensten und unber\u00fchrtesten Seite im Norden Ibizas bis hin zu den am meisten fotografierten Orten.<\/p>\n\n\n\n<p class=\"wp-block-paragraph\">&nbsp;<\/p>\n\n\n\n<h3 class=\"wp-block-heading\">Wanderweg durch den Naturpark Ses Salines<\/h3>\n\n\n\n<p class=\"wp-block-paragraph\">&nbsp;<\/p>\n\n\n\n<figure class=\"wp-block-image\"><img decoding=\"async\" src=\"https:\/\/blog.fuerte-group.com\/wp-content\/uploads\/2025\/05\/flamingos-parque-natural-ses-salines-ibiza.jpg\" alt=\"Hiking Route through the Natural Park of Ses Salines\"\/><\/figure>\n\n\n\n<p class=\"wp-block-paragraph\"><\/p>\n\n\n\n<p class=\"wp-block-paragraph\">&nbsp;<\/p>\n\n\n\n<p class=\"wp-block-paragraph\">Diese Route ist f\u00fcr alle Niveaus sehr zug\u00e4nglich, da sie kaum H\u00f6henunterschiede aufweist. Ausgehend vom s\u00fcdlichen Ende des Strandes von Ses Salines, wo sich das ehemalige Lagerhaus befindet, das heute das Ausstellungszentrum La Nave Salinas beherbergt, f\u00fchrt Sie die Route zur Torre de Ses Portes, zum Strand von Es Cavallet und zu den Salzbecken, in denen Flamingos und andere Zugv\u00f6gel nisten, um anschlie\u00dfend in einen Pinien- und Wacholderwald einzutauchen, hinter dem Sie wieder am Strand von Ses Salines herauskommen.<\/p>\n\n\n\n<p class=\"wp-block-paragraph\"><strong>Start- und Endpunkt:<\/strong> La Nave Salinas.<br> <strong>Entfernung:<\/strong> 8 km.<br> <strong>Dauer:<\/strong> 2 Std.<br> <strong>Schwierigkeitsgrad:<\/strong> gering.<br> <strong>Tipp:<\/strong> Besuchen Sie das Interpretationszentrum Sant Francesc, das interessante Informationen \u00fcber den Naturpark bietet.<br><a href=\"https:\/\/es.wikiloc.com\/rutas-senderismo\/camiamando-por-ibiza24-playa-ses-salines-playa-ses-cavallet-torre-ses-portes-ibiza-189362619\" target=\"_blank\" rel=\"noopener\"><strong>Wikiloc<\/strong><\/a><\/p>\n\n\n\n<p class=\"wp-block-paragraph\">&nbsp;<\/p>\n\n\n\n<h3 class=\"wp-block-heading\">Routen durch die Natur an der Westk\u00fcste von Ibiza: von Cala Bassa zu den Str\u00e4nden von Comte<\/h3>\n\n\n\n<p class=\"wp-block-paragraph\">&nbsp;<\/p>\n\n\n\n<figure class=\"wp-block-image\"><img decoding=\"async\" src=\"https:\/\/blog.fuerte-group.com\/wp-content\/uploads\/2025\/05\/ibiza-hiking-cala-bassa.jpg\" alt=\"Ibiza hiking - Cala Bassa\"\/><\/figure>\n\n\n\n<p class=\"wp-block-paragraph\"><\/p>\n\n\n\n<p class=\"wp-block-paragraph\">&nbsp;<\/p>\n\n\n\n<p class=\"wp-block-paragraph\">Diese Route von geringer Schwierigkeit verbindet zwei der sch\u00f6nsten und bekanntesten Str\u00e4nde der Insel auf einem Weg, der gr\u00f6\u00dftenteils entlang der K\u00fcste verl\u00e4uft und au\u00dfergew\u00f6hnliche Ausblicke auf die Bucht von Sant Antoni, das Kap Non\u00f3 und die Inseln Conillera und s\u2019illa des Bosc bietet. Mit einer L\u00e4nge von etwa 3 km in jede Richtung ist es im Sommer ratsam, die Wanderung fr\u00fch am Morgen zu unternehmen und zum Beispiel am sp\u00e4ten Nachmittag zur\u00fcckzukehren.<\/p>\n\n\n\n<p class=\"wp-block-paragraph\"><strong>Start- und Endpunkt:<\/strong> Cala Bassa.<br> <strong>Entfernung:<\/strong> 3 km in jede Richtung.<br> <strong>Dauer<\/strong>: etwa 50 Minuten pro Strecke (insgesamt etwa 2 Stunden).<br> <strong>Schwierigkeitsgrad<\/strong>: gering.<br> <strong>Tipp<\/strong>: Es wird empfohlen, das ganze Jahr \u00fcber Wasser, Sonnencreme und eine Kappe mitzunehmen.<br> <a href=\"https:\/\/es.wikiloc.com\/rutas-senderismo\/de-playas-de-comte-a-cala-bassa-por-torre-de-rovira-ibiza-131333342\" target=\"_blank\" rel=\"noopener\"><strong>Wikiloc<\/strong><\/a><\/p>\n\n\n\n<p class=\"wp-block-paragraph\">&nbsp;<\/p>\n\n\n\n<h3 class=\"wp-block-heading\">Aufstieg zum Gipfel von Ibiza: die Route von Sa Talaia<\/h3>\n\n\n\n<p class=\"wp-block-paragraph\">&nbsp;<\/p>\n\n\n\n<figure class=\"wp-block-image\"><img decoding=\"async\" src=\"https:\/\/blog.fuerte-group.com\/wp-content\/uploads\/2025\/05\/ibiza-hiking-sa-talaia.jpg\" alt=\"Ibiza hiking - Sa Talaia\"\/><\/figure>\n\n\n\n<p class=\"wp-block-paragraph\"><\/p>\n\n\n\n<p class=\"wp-block-paragraph\">&nbsp;<\/p>\n\n\n\n<p class=\"wp-block-paragraph\">Die klaren Tage, an denen es keinen Dunst gibt und die Luft frei von Feuchtigkeit ist, sind die besten, um diese Wanderung zum h\u00f6chsten Gipfel der Insel (475 m) zu unternehmen, der \u00fcber einen Pfad mit stetigem, aber sanftem Anstieg f\u00fchrt.&nbsp; Ausgehend von dem Dorf Sant Josep und einem in der N\u00e4he des Kulturzentrums Can Jeroni gelegenen Pfad folgend, steigt die Route an, auf der Sie eine sch\u00f6ne l\u00e4ndliche Landschaft mit verstreuten ibizenkischen H\u00e4usern, bearbeiteten Feldern und Kiefernw\u00e4ldern entdecken. Wenn Sie den Gipfel erreichen, sehen Sie im Norden die Bucht von Sant Antoni und das Kap Non\u00f3, und im S\u00fcden die Bucht von Porroig, die Cala Jondal und Formentera. Und wenn Sie auf einen H\u00fcgel in der N\u00e4he der Ebene steigen, sehen Sie Cala Bassa, die Str\u00e4nde von Comte und die Inselchen des Naturschutzgebiets Illots de Ponent.<\/p>\n\n\n\n<p class=\"wp-block-paragraph\"><strong>Start- und Endpunkt<\/strong>: Kirche Sant Josep<br>\n<strong>Entfernung:<\/strong> 2,40 km (hin).<br>\n<strong>Dauer:<\/strong> 1,5 Std. (Hinweg).<br>\n<strong>Schwierigkeit:<\/strong> mittel.<br>\n<strong>Tipp:<\/strong> Im Sommer steigen Sie noch vor dem Sonnenuntergang hinauf, um ihn dann zu bewundern<br>\n<a href=\"https:\/\/es.wikiloc.com\/rutas-senderismo\/cap-de-sa-talaia-y-mirador-techo-de-ibiza-desde-sant-josep-de-sa-talaia-202470552\" target=\"_blank\" rel=\"noopener\"><strong>Wikiloc<\/strong><\/a><\/p>\n\n\n\n<p class=\"wp-block-paragraph\">&nbsp;<\/p>\n\n\n\n<h3 class=\"wp-block-heading\">Benirr\u00e0s nach Port de Sant Miquel: Eine Route durch die Natur im Norden Ibizas<\/h3>\n\n\n\n<p class=\"wp-block-paragraph\">&nbsp;<\/p>\n\n\n\n<figure class=\"wp-block-image\"><img decoding=\"async\" src=\"https:\/\/blog.fuerte-group.com\/wp-content\/uploads\/2025\/05\/ibiza-hiking-port-de-sant-miquel.jpg\" alt=\"Ibiza hiking - port de Sant Miquel\"\/><\/figure>\n\n\n\n<p class=\"wp-block-paragraph\"><\/p>\n\n\n\n<p class=\"wp-block-paragraph\">&nbsp;<\/p>\n\n\n\n<p class=\"wp-block-paragraph\">Die Rundstrecke PR-EI-105 ist f\u00fcr Wanderer geeignet, die an Bergpfade gew\u00f6hnt sind, da sie einen H\u00f6henunterschied von 315 Metern aufweist. Die Anstrengung lohnt sich aufgrund der atemberaubenden Panoramablicke auf die zerkl\u00fcftete K\u00fcste und wird zus\u00e4tzlich mit der M\u00f6glichkeit belohnt, am Anfang und am Ende der Route zu baden. Der Strand von Port de Sant Miquel markiert den Beginn dieser wundersch\u00f6nen Rundroute, die an der Karsth\u00f6hle von Can Mar\u00e7a h\u00e4lt, wo Kalksteinformationen und Geschichten \u00fcber Schmuggler und Piraten warten, sowie an der Bucht Benirr\u00e0s, bevor sie durch bewaldete Berggebiete zur\u00fcck nach Port de Sant Miquel f\u00fchrt.<\/p>\n\n\n\n<p class=\"wp-block-paragraph\"><strong>Start- und Endpunkt:<\/strong> Port de Sant Miquel<br>\n<strong>Entfernung:<\/strong> 13 km.<br>\n<strong>Dauer:<\/strong> 4 Std.<br>\n<strong>Schwierigkeit:<\/strong> mittel-hoch.<br>\n<strong>Tipp:<\/strong> Nehmen Sie Wasser mit und planen Sie Zeit ein, um sich in der Cala Benirr\u00e0s zu entspannen.<br>\n<a href=\"https:\/\/es.wikiloc.com\/rutas-senderismo\/benirras-port-de-sant-miquel-torre-des-molar-can-mestre-2023-03-ibiza-ibp-57-127528285\" target=\"_blank\" rel=\"noopener\"><strong>Wikiloc<\/strong><\/a><\/p>\n\n\n\n<p class=\"wp-block-paragraph\">\u00a0<\/p>\n\n\n\n<p class=\"wp-block-paragraph\"><\/p>\n\n\n\n<h2 class=\"wp-block-heading\"><strong>Tipps und Empfehlungen zum Wandern auf Ibiza<\/strong><\/h2>\n\n\n\n<p class=\"wp-block-paragraph\"><\/p>\n\n\n\n<figure class=\"wp-block-image size-full\"><img fetchpriority=\"high\" decoding=\"async\" width=\"1000\" height=\"600\" src=\"https:\/\/blog.fuerte-group.com\/wp-content\/uploads\/2025\/06\/ibiza-rutas-senderismo.jpg\" alt=\"Senderismo en Ibiza\" class=\"wp-image-11122\" srcset=\"https:\/\/blog.fuerte-group.com\/wp-content\/uploads\/2025\/06\/ibiza-rutas-senderismo.jpg 1000w, https:\/\/blog.fuerte-group.com\/wp-content\/uploads\/2025\/06\/ibiza-rutas-senderismo-300x180.jpg 300w, https:\/\/blog.fuerte-group.com\/wp-content\/uploads\/2025\/06\/ibiza-rutas-senderismo-768x461.jpg 768w\" sizes=\"(max-width: 1000px) 100vw, 1000px\" \/><\/figure>\n\n\n\n<p class=\"wp-block-paragraph\"><\/p>\n\n\n\n<p class=\"wp-block-paragraph\">Ibiza zu Fu\u00df zu erkunden, ist eine wunderbare M\u00f6glichkeit, eine ganz andere Seite der Insel kennenzulernen, die sich zwischen Pinienw\u00e4ldern, Klippen, Buchten und kleinen l\u00e4ndlichen Wegen verbirgt. Damit Sie Ihre Wanderung noch mehr genie\u00dfen k\u00f6nnen, sollten Sie Ihren Ausflug gut vorbereiten und vor dem Start einige einfache Tipps beachten.<\/p>\n\n\n\n<p class=\"wp-block-paragraph\"><strong>W\u00e4hlen Sie eine Route, die zu Ihrem Niveau passt<\/strong><\/p>\n\n\n\n<p class=\"wp-block-paragraph\">Informieren Sie sich vor dem Aufbruch \u00fcber die L\u00e4nge, den H\u00f6henunterschied, die Dauer und die Beschaffenheit der Strecke. Ibiza bietet alles, von gem\u00fctlichen Spazierg\u00e4ngen am Meer bis hin zu l\u00e4ngeren und anspruchsvolleren Bergwanderungen, sodass sich f\u00fcr unterschiedliche Fitnesslevel die passende Route findet. Wenn Sie nicht regelm\u00e4\u00dfig wandern, beginnen Sie am besten mit einer der einfacheren Strecken.<\/p>\n\n\n\n<p class=\"wp-block-paragraph\"><strong>Meiden Sie die hei\u00dfesten Stunden des Tages<\/strong><\/p>\n\n\n\n<p class=\"wp-block-paragraph\">In den Sommermonaten wandern Sie am besten fr\u00fch am Morgen oder am sp\u00e4ten Nachmittag. Dann sind die Temperaturen nicht nur angenehmer, auch das Licht \u00fcber der ibizenkischen Landschaft ist besonders sch\u00f6n. Vor allem auf Routen mit wenig Schatten sollten Sie die Mittagsstunden m\u00f6glichst vermeiden.<\/p>\n\n\n\n<p class=\"wp-block-paragraph\"><strong>Nehmen Sie ausreichend Wasser und Sonnenschutz mit<\/strong><\/p>\n\n\n\n<p class=\"wp-block-paragraph\">Vergessen Sie nicht, gen\u00fcgend Wasser mitzunehmen, besonders im Sommer und auf l\u00e4ngeren Strecken. Sonnencreme, eine Kappe oder ein Hut und etwas Proviant geh\u00f6ren ebenfalls in den Rucksack, wenn Sie mehrere Stunden unterwegs sein m\u00f6chten.<\/p>\n\n\n\n<p class=\"wp-block-paragraph\"><strong>Tragen Sie geeignetes Schuhwerk<\/strong><\/p>\n\n\n\n<p class=\"wp-block-paragraph\">Auch wenn einige Routen einfach zu bew\u00e4ltigen sind, f\u00fchren viele Wege \u00fcber steinigen Untergrund, Waldwege oder unebenes Gel\u00e4nde. Wanderschuhe oder Sportschuhe mit gutem Halt sorgen daf\u00fcr, dass Sie sicherer und bequemer unterwegs sind.<\/p>\n\n\n\n<p class=\"wp-block-paragraph\"><strong>Informieren Sie sich vor dem Start \u00fcber die Route<\/strong><\/p>\n\n\n\n<p class=\"wp-block-paragraph\">Laden Sie die Route herunter oder werfen Sie vor dem Aufbruch einen Blick auf die Karte, insbesondere wenn Sie durch wenig besiedelte Gebiete wandern m\u00f6chten. Pr\u00fcfen Sie au\u00dferdem die Wettervorhersage und bedenken Sie, dass der Mobilfunkempfang in einigen Teilen der Insel eingeschr\u00e4nkt sein kann.<\/p>\n\n\n\n<p class=\"wp-block-paragraph\"><strong>Sch\u00fctzen Sie die Natur<\/strong><\/p>\n\n\n\n<p class=\"wp-block-paragraph\">Viele dieser Wege f\u00fchren durch Naturr\u00e4ume von gro\u00dfem \u00f6kologischem Wert. Bleiben Sie auf den vorhandenen Wegen, beachten Sie die Beschilderung, hinterlassen Sie keinen M\u00fcll und vermeiden Sie es, Tiere zu st\u00f6ren. Und wenn Ihre Wanderung am Meer endet, gibt es kaum etwas Sch\u00f6neres, als sich noch etwas Zeit f\u00fcr ein erfrischendes Bad zu nehmen und neue Energie zu tanken. Sie haben es sich verdient!<\/p>\n\n\n\n<p class=\"wp-block-paragraph\"><\/p>\n\n\n\n<p class=\"wp-block-paragraph\"><\/p>\n\n\n\n<h2 class=\"wp-block-heading\">Das beste Hotel f\u00fcr Ihren Wanderurlaub auf Ibiza<\/h2>\n\n\n\n<p class=\"wp-block-paragraph\">&nbsp;<\/p>\n\n\n\n<figure class=\"wp-block-image\"><img decoding=\"async\" src=\"https:\/\/blog.fuerte-group.com\/wp-content\/uploads\/2023\/04\/amare-beach-hotel-ibiza-vista-drone.jpg\" alt=\"Am\u00e0re Beach Hotel Ibiza\"\/><\/figure>\n\n\n\n<p class=\"wp-block-paragraph\"><\/p>\n\n\n\n<p class=\"wp-block-paragraph\">&nbsp;<\/p>\n\n\n\n<p class=\"wp-block-paragraph\">Dank seiner hervorragenden Lage in Cala de Bou, in der Bucht von Sant Antoni, ist das <strong><a href=\"https:\/\/www.amarehotels.com\/de\/amare-ibiza\/\">Am\u00e0re Beach Hotel<\/a><\/strong> Ibiza ein fabelhaftes Vier-Sterne-Hotel, das f\u00fcr Erwachsene mit einer Leidenschaft f\u00fcrs Wandern empfohlen wird. Ihnen steht eine Vielzahl von Routen zur Erkundung der Natur Ibizas zur Verf\u00fcgung und das Beste daran sind die gro\u00dfartigen Einrichtungen, in denen Sie sich entspannen und nach Ihrer R\u00fcckkehr neue Energie tanken k\u00f6nnen, wie zum Beispiel die beiden Pools, das Spa by Germaine Capuccini und das fantastische <em>Rooftop<\/em> mit Blick auf den Sonnenuntergang. Das i-T\u00fcpfelchen all Ihrer Ausfl\u00fcge, nicht wahr?<\/p>\n\n\n\n<p class=\"wp-block-paragraph\">#WhatAFeeling!<\/p>\n\n\n\n<p class=\"wp-block-paragraph\"><\/p>\n","protected":false},"excerpt":{"rendered":"<p>Im Winter Ihre t\u00e4glichen 10.000 Schritte zu erreichen, ist bereits ein sehr gesundes Ziel, aber es wird noch beeindruckender, wenn [&hellip;]<\/p>\n","protected":false},"author":5,"featured_media":6847,"comment_status":"open","ping_status":"open","sticky":false,"template":"","format":"standard","meta":{"_acf_changed":false,"site-sidebar-layout":"default","site-content-layout":"","ast-site-content-layout":"default","site-content-style":"default","site-sidebar-style":"default","ast-global-header-display":"","ast-banner-title-visibility":"","ast-main-header-display":"","ast-hfb-above-header-display":"","ast-hfb-below-header-display":"","ast-hfb-mobile-header-display":"","site-post-title":"","ast-breadcrumbs-content":"","ast-featured-img":"","footer-sml-layout":"","theme-transparent-header-meta":"","adv-header-id-meta":"","stick-header-meta":"","header-above-stick-meta":"","header-main-stick-meta":"","header-below-stick-meta":"","astra-migrate-meta-layouts":"default","ast-page-background-enabled":"default","ast-page-background-meta":{"desktop":{"background-color":"var(--ast-global-color-5)","background-image":"","background-repeat":"repeat","background-position":"center center","background-size":"auto","background-attachment":"scroll","background-type":"","background-media":"","overlay-type":"","overlay-color":"","overlay-opacity":"","overlay-gradient":""},"tablet":{"background-color":"","background-image":"","background-repeat":"repeat","background-position":"center center","background-size":"auto","background-attachment":"scroll","background-type":"","background-media":"","overlay-type":"","overlay-color":"","overlay-opacity":"","overlay-gradient":""},"mobile":{"background-color":"","background-image":"","background-repeat":"repeat","background-position":"center center","background-size":"auto","background-attachment":"scroll","background-type":"","background-media":"","overlay-type":"","overlay-color":"","overlay-opacity":"","overlay-gradient":""}},"ast-content-background-meta":{"desktop":{"background-color":"var(--ast-global-color-4)","background-image":"","background-repeat":"repeat","background-position":"center center","background-size":"auto","background-attachment":"scroll","background-type":"","background-media":"","overlay-type":"","overlay-color":"","overlay-opacity":"","overlay-gradient":""},"tablet":{"background-color":"var(--ast-global-color-4)","background-image":"","background-repeat":"repeat","background-position":"center center","background-size":"auto","background-attachment":"scroll","background-type":"","background-media":"","overlay-type":"","overlay-color":"","overlay-opacity":"","overlay-gradient":""},"mobile":{"background-color":"var(--ast-global-color-4)","background-image":"","background-repeat":"repeat","background-position":"center center","background-size":"auto","background-attachment":"scroll","background-type":"","background-media":"","overlay-type":"","overlay-color":"","overlay-opacity":"","overlay-gradient":""}},"footnotes":""},"categories":[191,197],"tags":[241,246],"hotel":[252],"class_list":["post-8954","post","type-post","status-publish","format-standard","has-post-thumbnail","hentry","category-blog-4","category-sport-3","tag-aktivitaeten","tag-wandern","hotel-amare-hotels-de"],"acf":[],"yoast_head":"<!-- This site is optimized with the Yoast SEO plugin v26.4 - https:\/\/yoast.com\/wordpress\/plugins\/seo\/ -->\n<title>Wanderwege auf Ibiza: Routen zum Entdecken<\/title>\n<meta name=\"description\" content=\"Entdecke Wanderwege auf Ibiza zwischen Buchten, W\u00e4ldern und Klippen, mit praktischen Tipps zu Schwierigkeit, Ausr\u00fcstung und Sicherheit.\" \/>\n<meta name=\"robots\" content=\"index, follow, max-snippet:-1, max-image-preview:large, max-video-preview:-1\" \/>\n<link rel=\"canonical\" href=\"https:\/\/blog.fuerte-group.com\/de\/wanderwege-auf-ibiza\/\" \/>\n<meta property=\"og:locale\" content=\"de_DE\" \/>\n<meta property=\"og:type\" content=\"article\" \/>\n<meta property=\"og:title\" content=\"Wanderwege auf Ibiza: Routen zum Entdecken\" \/>\n<meta property=\"og:description\" content=\"Entdecke Wanderwege auf Ibiza zwischen Buchten, W\u00e4ldern und Klippen, mit praktischen Tipps zu Schwierigkeit, Ausr\u00fcstung und Sicherheit.\" \/>\n<meta property=\"og:url\" content=\"https:\/\/blog.fuerte-group.com\/de\/wanderwege-auf-ibiza\/\" \/>\n<meta property=\"og:site_name\" content=\"Blog - Fuerte Group Hotels\" \/>\n<meta property=\"article:published_time\" content=\"2025-06-18T04:57:28+00:00\" \/>\n<meta property=\"article:modified_time\" content=\"2026-08-21T08:04:06+00:00\" \/>\n<meta property=\"og:image\" content=\"https:\/\/blog.fuerte-group.com\/wp-content\/uploads\/2025\/10\/Ibiza-hiking-trails-1.jpg\" \/>\n\t<meta property=\"og:image:width\" content=\"1000\" \/>\n\t<meta property=\"og:image:height\" content=\"600\" \/>\n\t<meta property=\"og:image:type\" content=\"image\/jpeg\" \/>\n<meta name=\"author\" content=\"Fuerte Group\" \/>\n<meta name=\"twitter:card\" content=\"summary_large_image\" \/>\n<meta name=\"twitter:label1\" content=\"Verfasst von\" \/>\n\t<meta name=\"twitter:data1\" content=\"Fuerte Group\" \/>\n\t<meta name=\"twitter:label2\" content=\"Gesch\u00e4tzte Lesezeit\" \/>\n\t<meta name=\"twitter:data2\" content=\"9\u00a0Minuten\" \/>\n<script type=\"application\/ld+json\" class=\"yoast-schema-graph\">{\"@context\":\"https:\/\/schema.org\",\"@graph\":[{\"@type\":[\"Article\",\"BlogPosting\"],\"@id\":\"https:\/\/blog.fuerte-group.com\/de\/wanderwege-auf-ibiza\/#article\",\"isPartOf\":{\"@id\":\"https:\/\/blog.fuerte-group.com\/de\/wanderwege-auf-ibiza\/\"},\"author\":{\"name\":\"Fuerte Group\",\"@id\":\"https:\/\/blog.fuerte-group.com\/de\/#\/schema\/person\/2dbca6937e0807c084d3b91d5e45de9d\"},\"headline\":\"Wanderwege auf Ibiza: Entdecken Sie die Natur der Insel!\",\"datePublished\":\"2025-06-18T04:57:28+00:00\",\"dateModified\":\"2026-08-21T08:04:06+00:00\",\"mainEntityOfPage\":{\"@id\":\"https:\/\/blog.fuerte-group.com\/de\/wanderwege-auf-ibiza\/\"},\"wordCount\":1504,\"commentCount\":0,\"publisher\":{\"@id\":\"https:\/\/blog.fuerte-group.com\/de\/#organization\"},\"image\":{\"@id\":\"https:\/\/blog.fuerte-group.com\/de\/wanderwege-auf-ibiza\/#primaryimage\"},\"thumbnailUrl\":\"https:\/\/blog.fuerte-group.com\/wp-content\/uploads\/2025\/10\/Ibiza-hiking-trails-1.jpg\",\"keywords\":[\"Aktivit\u00e4ten\",\"Wandern\"],\"articleSection\":[\"blog\",\"Sport\"],\"inLanguage\":\"de\",\"potentialAction\":[{\"@type\":\"CommentAction\",\"name\":\"Comment\",\"target\":[\"https:\/\/blog.fuerte-group.com\/de\/wanderwege-auf-ibiza\/#respond\"]}]},{\"@type\":\"WebPage\",\"@id\":\"https:\/\/blog.fuerte-group.com\/de\/wanderwege-auf-ibiza\/\",\"url\":\"https:\/\/blog.fuerte-group.com\/de\/wanderwege-auf-ibiza\/\",\"name\":\"Wanderwege auf Ibiza: Routen zum Entdecken\",\"isPartOf\":{\"@id\":\"https:\/\/blog.fuerte-group.com\/de\/#website\"},\"primaryImageOfPage\":{\"@id\":\"https:\/\/blog.fuerte-group.com\/de\/wanderwege-auf-ibiza\/#primaryimage\"},\"image\":{\"@id\":\"https:\/\/blog.fuerte-group.com\/de\/wanderwege-auf-ibiza\/#primaryimage\"},\"thumbnailUrl\":\"https:\/\/blog.fuerte-group.com\/wp-content\/uploads\/2025\/10\/Ibiza-hiking-trails-1.jpg\",\"datePublished\":\"2025-06-18T04:57:28+00:00\",\"dateModified\":\"2026-08-21T08:04:06+00:00\",\"description\":\"Entdecke Wanderwege auf Ibiza zwischen Buchten, W\u00e4ldern und Klippen, mit praktischen Tipps zu Schwierigkeit, Ausr\u00fcstung und Sicherheit.\",\"breadcrumb\":{\"@id\":\"https:\/\/blog.fuerte-group.com\/de\/wanderwege-auf-ibiza\/#breadcrumb\"},\"inLanguage\":\"de\",\"potentialAction\":[{\"@type\":\"ReadAction\",\"target\":[\"https:\/\/blog.fuerte-group.com\/de\/wanderwege-auf-ibiza\/\"]}]},{\"@type\":\"ImageObject\",\"inLanguage\":\"de\",\"@id\":\"https:\/\/blog.fuerte-group.com\/de\/wanderwege-auf-ibiza\/#primaryimage\",\"url\":\"https:\/\/blog.fuerte-group.com\/wp-content\/uploads\/2025\/10\/Ibiza-hiking-trails-1.jpg\",\"contentUrl\":\"https:\/\/blog.fuerte-group.com\/wp-content\/uploads\/2025\/10\/Ibiza-hiking-trails-1.jpg\",\"width\":1000,\"height\":600},{\"@type\":\"BreadcrumbList\",\"@id\":\"https:\/\/blog.fuerte-group.com\/de\/wanderwege-auf-ibiza\/#breadcrumb\",\"itemListElement\":[{\"@type\":\"ListItem\",\"position\":1,\"name\":\"Portada\",\"item\":\"https:\/\/blog.fuerte-group.com\/de\/\"},{\"@type\":\"ListItem\",\"position\":2,\"name\":\"Wanderwege auf Ibiza: Entdecken Sie die Natur der Insel!\"}]},{\"@type\":\"WebSite\",\"@id\":\"https:\/\/blog.fuerte-group.com\/de\/#website\",\"url\":\"https:\/\/blog.fuerte-group.com\/de\/\",\"name\":\"Blog - Fuerte Group Hotels\",\"description\":\"Blog Andalucia e Ibiza - Fuerte Group Hotels\",\"publisher\":{\"@id\":\"https:\/\/blog.fuerte-group.com\/de\/#organization\"},\"alternateName\":\"blog-fgh\",\"potentialAction\":[{\"@type\":\"SearchAction\",\"target\":{\"@type\":\"EntryPoint\",\"urlTemplate\":\"https:\/\/blog.fuerte-group.com\/de\/?s={search_term_string}\"},\"query-input\":{\"@type\":\"PropertyValueSpecification\",\"valueRequired\":true,\"valueName\":\"search_term_string\"}}],\"inLanguage\":\"de\"},{\"@type\":\"Organization\",\"@id\":\"https:\/\/blog.fuerte-group.com\/de\/#organization\",\"name\":\"Fuerte Group S.L.\",\"alternateName\":\"Fuerte Group S.L.\",\"url\":\"https:\/\/blog.fuerte-group.com\/de\/\",\"logo\":{\"@type\":\"ImageObject\",\"inLanguage\":\"de\",\"@id\":\"https:\/\/blog.fuerte-group.com\/de\/#\/schema\/logo\/image\/\",\"url\":\"https:\/\/blog.fuerte-group.com\/wp-content\/uploads\/2025\/05\/logo-fuerte-group-blog-naranja-02.svg\",\"contentUrl\":\"https:\/\/blog.fuerte-group.com\/wp-content\/uploads\/2025\/05\/logo-fuerte-group-blog-naranja-02.svg\",\"caption\":\"Fuerte Group S.L.\"},\"image\":{\"@id\":\"https:\/\/blog.fuerte-group.com\/de\/#\/schema\/logo\/image\/\"}},{\"@type\":\"Person\",\"@id\":\"https:\/\/blog.fuerte-group.com\/de\/#\/schema\/person\/2dbca6937e0807c084d3b91d5e45de9d\",\"name\":\"Fuerte Group\",\"image\":{\"@type\":\"ImageObject\",\"inLanguage\":\"de\",\"@id\":\"https:\/\/blog.fuerte-group.com\/de\/#\/schema\/person\/image\/\",\"url\":\"https:\/\/secure.gravatar.com\/avatar\/1252cf13fd5ebc8ff2eb376323ce749771613b9f6684dd6fcfe90ce1ec0d978b?s=96&d=mm&r=g\",\"contentUrl\":\"https:\/\/secure.gravatar.com\/avatar\/1252cf13fd5ebc8ff2eb376323ce749771613b9f6684dd6fcfe90ce1ec0d978b?s=96&d=mm&r=g\",\"caption\":\"Fuerte Group\"},\"description\":\"Fuerte Group Hotels es la divisi\u00f3n hotelera del Grupo El Fuerte, un grupo empresarial familiar andaluz fundado en 1957 por Jos\u00e9 Luque Manzano. Fuerte Group Hotels se componde de 5 marcas distintas, cada una de ellas con una personalidad propia. Fuerte Hoteles, para toda la familia; Am\u00e0re Hotels, recomendada para adultos; Ol\u00e9e Holiday Rentals, apartamentos vacacionales; El Fuerte Marbella, lujo casual 5 estrellas; y DAIA, hoteles para un descanso \u2018slow beach\u2019.\",\"sameAs\":[\"https:\/\/www.fuerte-group.com\/\"],\"url\":\"https:\/\/blog.fuerte-group.com\/de\/author\/fuertegroup\/\"}]}<\/script>\n<!-- \/ Yoast SEO plugin. -->","yoast_head_json":{"title":"Wanderwege auf Ibiza: Routen zum Entdecken","description":"Entdecke Wanderwege auf Ibiza zwischen Buchten, W\u00e4ldern und Klippen, mit praktischen Tipps zu Schwierigkeit, Ausr\u00fcstung und Sicherheit.","robots":{"index":"index","follow":"follow","max-snippet":"max-snippet:-1","max-image-preview":"max-image-preview:large","max-video-preview":"max-video-preview:-1"},"canonical":"https:\/\/blog.fuerte-group.com\/de\/wanderwege-auf-ibiza\/","og_locale":"de_DE","og_type":"article","og_title":"Wanderwege auf Ibiza: Routen zum Entdecken","og_description":"Entdecke Wanderwege auf Ibiza zwischen Buchten, W\u00e4ldern und Klippen, mit praktischen Tipps zu Schwierigkeit, Ausr\u00fcstung und Sicherheit.","og_url":"https:\/\/blog.fuerte-group.com\/de\/wanderwege-auf-ibiza\/","og_site_name":"Blog - Fuerte Group Hotels","article_published_time":"2025-06-18T04:57:28+00:00","article_modified_time":"2026-08-21T08:04:06+00:00","og_image":[{"width":1000,"height":600,"url":"https:\/\/blog.fuerte-group.com\/wp-content\/uploads\/2025\/10\/Ibiza-hiking-trails-1.jpg","type":"image\/jpeg"}],"author":"Fuerte Group","twitter_card":"summary_large_image","twitter_misc":{"Verfasst von":"Fuerte Group","Gesch\u00e4tzte Lesezeit":"9\u00a0Minuten"},"schema":{"@context":"https:\/\/schema.org","@graph":[{"@type":["Article","BlogPosting"],"@id":"https:\/\/blog.fuerte-group.com\/de\/wanderwege-auf-ibiza\/#article","isPartOf":{"@id":"https:\/\/blog.fuerte-group.com\/de\/wanderwege-auf-ibiza\/"},"author":{"name":"Fuerte Group","@id":"https:\/\/blog.fuerte-group.com\/de\/#\/schema\/person\/2dbca6937e0807c084d3b91d5e45de9d"},"headline":"Wanderwege auf Ibiza: Entdecken Sie die Natur der Insel!","datePublished":"2025-06-18T04:57:28+00:00","dateModified":"2026-08-21T08:04:06+00:00","mainEntityOfPage":{"@id":"https:\/\/blog.fuerte-group.com\/de\/wanderwege-auf-ibiza\/"},"wordCount":1504,"commentCount":0,"publisher":{"@id":"https:\/\/blog.fuerte-group.com\/de\/#organization"},"image":{"@id":"https:\/\/blog.fuerte-group.com\/de\/wanderwege-auf-ibiza\/#primaryimage"},"thumbnailUrl":"https:\/\/blog.fuerte-group.com\/wp-content\/uploads\/2025\/10\/Ibiza-hiking-trails-1.jpg","keywords":["Aktivit\u00e4ten","Wandern"],"articleSection":["blog","Sport"],"inLanguage":"de","potentialAction":[{"@type":"CommentAction","name":"Comment","target":["https:\/\/blog.fuerte-group.com\/de\/wanderwege-auf-ibiza\/#respond"]}]},{"@type":"WebPage","@id":"https:\/\/blog.fuerte-group.com\/de\/wanderwege-auf-ibiza\/","url":"https:\/\/blog.fuerte-group.com\/de\/wanderwege-auf-ibiza\/","name":"Wanderwege auf Ibiza: Routen zum Entdecken","isPartOf":{"@id":"https:\/\/blog.fuerte-group.com\/de\/#website"},"primaryImageOfPage":{"@id":"https:\/\/blog.fuerte-group.com\/de\/wanderwege-auf-ibiza\/#primaryimage"},"image":{"@id":"https:\/\/blog.fuerte-group.com\/de\/wanderwege-auf-ibiza\/#primaryimage"},"thumbnailUrl":"https:\/\/blog.fuerte-group.com\/wp-content\/uploads\/2025\/10\/Ibiza-hiking-trails-1.jpg","datePublished":"2025-06-18T04:57:28+00:00","dateModified":"2026-08-21T08:04:06+00:00","description":"Entdecke Wanderwege auf Ibiza zwischen Buchten, W\u00e4ldern und Klippen, mit praktischen Tipps zu Schwierigkeit, Ausr\u00fcstung und Sicherheit.","breadcrumb":{"@id":"https:\/\/blog.fuerte-group.com\/de\/wanderwege-auf-ibiza\/#breadcrumb"},"inLanguage":"de","potentialAction":[{"@type":"ReadAction","target":["https:\/\/blog.fuerte-group.com\/de\/wanderwege-auf-ibiza\/"]}]},{"@type":"ImageObject","inLanguage":"de","@id":"https:\/\/blog.fuerte-group.com\/de\/wanderwege-auf-ibiza\/#primaryimage","url":"https:\/\/blog.fuerte-group.com\/wp-content\/uploads\/2025\/10\/Ibiza-hiking-trails-1.jpg","contentUrl":"https:\/\/blog.fuerte-group.com\/wp-content\/uploads\/2025\/10\/Ibiza-hiking-trails-1.jpg","width":1000,"height":600},{"@type":"BreadcrumbList","@id":"https:\/\/blog.fuerte-group.com\/de\/wanderwege-auf-ibiza\/#breadcrumb","itemListElement":[{"@type":"ListItem","position":1,"name":"Portada","item":"https:\/\/blog.fuerte-group.com\/de\/"},{"@type":"ListItem","position":2,"name":"Wanderwege auf Ibiza: Entdecken Sie die Natur der Insel!"}]},{"@type":"WebSite","@id":"https:\/\/blog.fuerte-group.com\/de\/#website","url":"https:\/\/blog.fuerte-group.com\/de\/","name":"Blog - Fuerte Group Hotels","description":"Blog Andalucia e Ibiza - Fuerte Group Hotels","publisher":{"@id":"https:\/\/blog.fuerte-group.com\/de\/#organization"},"alternateName":"blog-fgh","potentialAction":[{"@type":"SearchAction","target":{"@type":"EntryPoint","urlTemplate":"https:\/\/blog.fuerte-group.com\/de\/?s={search_term_string}"},"query-input":{"@type":"PropertyValueSpecification","valueRequired":true,"valueName":"search_term_string"}}],"inLanguage":"de"},{"@type":"Organization","@id":"https:\/\/blog.fuerte-group.com\/de\/#organization","name":"Fuerte Group S.L.","alternateName":"Fuerte Group S.L.","url":"https:\/\/blog.fuerte-group.com\/de\/","logo":{"@type":"ImageObject","inLanguage":"de","@id":"https:\/\/blog.fuerte-group.com\/de\/#\/schema\/logo\/image\/","url":"https:\/\/blog.fuerte-group.com\/wp-content\/uploads\/2025\/05\/logo-fuerte-group-blog-naranja-02.svg","contentUrl":"https:\/\/blog.fuerte-group.com\/wp-content\/uploads\/2025\/05\/logo-fuerte-group-blog-naranja-02.svg","caption":"Fuerte Group S.L."},"image":{"@id":"https:\/\/blog.fuerte-group.com\/de\/#\/schema\/logo\/image\/"}},{"@type":"Person","@id":"https:\/\/blog.fuerte-group.com\/de\/#\/schema\/person\/2dbca6937e0807c084d3b91d5e45de9d","name":"Fuerte Group","image":{"@type":"ImageObject","inLanguage":"de","@id":"https:\/\/blog.fuerte-group.com\/de\/#\/schema\/person\/image\/","url":"https:\/\/secure.gravatar.com\/avatar\/1252cf13fd5ebc8ff2eb376323ce749771613b9f6684dd6fcfe90ce1ec0d978b?s=96&d=mm&r=g","contentUrl":"https:\/\/secure.gravatar.com\/avatar\/1252cf13fd5ebc8ff2eb376323ce749771613b9f6684dd6fcfe90ce1ec0d978b?s=96&d=mm&r=g","caption":"Fuerte Group"},"description":"Fuerte Group Hotels es la divisi\u00f3n hotelera del Grupo El Fuerte, un grupo empresarial familiar andaluz fundado en 1957 por Jos\u00e9 Luque Manzano. Fuerte Group Hotels se componde de 5 marcas distintas, cada una de ellas con una personalidad propia. Fuerte Hoteles, para toda la familia; Am\u00e0re Hotels, recomendada para adultos; Ol\u00e9e Holiday Rentals, apartamentos vacacionales; El Fuerte Marbella, lujo casual 5 estrellas; y DAIA, hoteles para un descanso \u2018slow beach\u2019.","sameAs":["https:\/\/www.fuerte-group.com\/"],"url":"https:\/\/blog.fuerte-group.com\/de\/author\/fuertegroup\/"}]}},"amp_enabled":true,"_links":{"self":[{"href":"https:\/\/blog.fuerte-group.com\/de\/wp-json\/wp\/v2\/posts\/8954","targetHints":{"allow":["GET"]}}],"collection":[{"href":"https:\/\/blog.fuerte-group.com\/de\/wp-json\/wp\/v2\/posts"}],"about":[{"href":"https:\/\/blog.fuerte-group.com\/de\/wp-json\/wp\/v2\/types\/post"}],"author":[{"embeddable":true,"href":"https:\/\/blog.fuerte-group.com\/de\/wp-json\/wp\/v2\/users\/5"}],"replies":[{"embeddable":true,"href":"https:\/\/blog.fuerte-group.com\/de\/wp-json\/wp\/v2\/comments?post=8954"}],"version-history":[{"count":5,"href":"https:\/\/blog.fuerte-group.com\/de\/wp-json\/wp\/v2\/posts\/8954\/revisions"}],"predecessor-version":[{"id":11126,"href":"https:\/\/blog.fuerte-group.com\/de\/wp-json\/wp\/v2\/posts\/8954\/revisions\/11126"}],"wp:featuredmedia":[{"embeddable":true,"href":"https:\/\/blog.fuerte-group.com\/de\/wp-json\/wp\/v2\/media\/6847"}],"wp:attachment":[{"href":"https:\/\/blog.fuerte-group.com\/de\/wp-json\/wp\/v2\/media?parent=8954"}],"wp:term":[{"taxonomy":"category","embeddable":true,"href":"https:\/\/blog.fuerte-group.com\/de\/wp-json\/wp\/v2\/categories?post=8954"},{"taxonomy":"post_tag","embeddable":true,"href":"https:\/\/blog.fuerte-group.com\/de\/wp-json\/wp\/v2\/tags?post=8954"},{"taxonomy":"hotel","embeddable":true,"href":"https:\/\/blog.fuerte-group.com\/de\/wp-json\/wp\/v2\/hotel?post=8954"}],"curies":[{"name":"wp","href":"https:\/\/api.w.org\/{rel}","templated":true}]}}