{"id":8672,"date":"2026-08-26T07:53:47","date_gmt":"2026-08-26T05:53:47","guid":{"rendered":"https:\/\/blog.fuerte-group.com\/adlib-fashion-ibiza\/"},"modified":"2026-08-26T08:03:27","modified_gmt":"2026-08-26T06:03:27","slug":"adlib-fashion-ibiza","status":"publish","type":"post","link":"https:\/\/blog.fuerte-group.com\/en\/adlib-fashion-ibiza\/","title":{"rendered":"Adlib fashion: where to get your Ibiza look"},"content":{"rendered":"\n<p class=\"wp-block-paragraph\">Ibiza\u2019s Adlib fashion style is among the icons of summer and one of the island&#8217;s creative references that cross international borders. Whether you land with your Ibiza-style outfit in your suitcase or prefer to look for it while strolling through a market or the narrow streets of the city centre, you will definitely be interested to know how this fashion style was born and where you can buy it.<\/p>\n\n\n\n<p class=\"wp-block-paragraph\">Adlib fashion has become one of the main symbols of Ibiza, to the point that nowadays weddings and parties are held in Ibiza style, that is, with a <em>dress code<\/em> for guests that requires men and women to wear white. However, this fashion is not only a question of colour, but also of craftsmanship and materials. If you want your photos of the <strong><a href=\"https:\/\/www.amarehotels.com\/blog\/instagrammable-places-ibiza\/\">most Instagrammable places in Ibiza<\/a><\/strong> &nbsp;accompanied by an <em>outfit<\/em> to match the island, read on and take note of the best Adlib fashion shops in Ibiza.<\/p>\n\n\n\n<p class=\"wp-block-paragraph\">&nbsp;<\/p>\n\n\n\n<h2 class=\"wp-block-heading\">What is the origin of Adlib fashion?<\/h2>\n\n\n\n<p class=\"wp-block-paragraph\">&nbsp;<\/p>\n\n\n\n<figure class=\"wp-block-image\"><img decoding=\"async\" src=\"https:\/\/blog.fuerte-group.com\/wp-content\/uploads\/2023\/07\/adlib-fashion-ibiza.jpg\" alt=\"Adlib fashion Ibiza - Credit: JUNHAO \/ Shutterstock.com\"\/><\/figure>\n\n\n\n<p class=\"wp-block-paragraph\"><\/p>\n\n\n\n<p class=\"wp-block-paragraph\">It was in 1971 that Yugoslavian princess Smilja Mihailovitch, a polyglot and journalist by training, helped promote what became known as Adlib fashion, a free and casual style inspired by the traditional clothing of Ibizan women and the hippy aesthetic. Its name comes from the Latin expression <em>ad libitum<\/em>, meaning \u201cat will\u201d, a concept perfectly reflected in the motto that defines Adlib fashion: \u201cDress as you like, but dress with taste.\u201d<\/p>\n\n\n\n<p class=\"wp-block-paragraph\">More than half a century later, this style remains one of the island\u2019s creative hallmarks and is recognised on national and international fashion catwalks.<\/p>\n\n\n\n<p class=\"wp-block-paragraph\">Beyond its aesthetic inspiration in traditional Ibizan clothing, Adlib fashion also sought from the outset to highlight the island\u2019s handcrafted textile tradition. Rustic fabrics featuring details such as embroidery and lace were given a lighter feel, adapting them to the new trends that arrived in Ibiza with the hippy movement.<\/p>\n\n\n\n<p class=\"wp-block-paragraph\">&nbsp;<\/p>\n\n\n\n<h2 class=\"wp-block-heading\">What is Ibiza&#8217;s Adlib fashion like?<\/h2>\n\n\n\n<p class=\"wp-block-paragraph\">&nbsp;<\/p>\n\n\n\n<figure class=\"wp-block-image\"><img decoding=\"async\" src=\"https:\/\/blog.fuerte-group.com\/wp-content\/uploads\/2023\/07\/adlib-fashion-ibiza-1.jpg\" alt=\"Adlib fashion Ibiza - Credit: JUNHAO \/ Shutterstock.com\"\/><\/figure>\n\n\n\n<p class=\"wp-block-paragraph\"><\/p>\n\n\n\n<p class=\"wp-block-paragraph\">Adlib fashion is fundamentally based on comfortable, loose-fitting garments in which natural fabrics, especially linen and cotton, play a starring role, alongside handcrafted details such as crochet, ruffles, embroidery and lace. It celebrates Ibizan design and craftsmanship through clothing, footwear, jewellery and accessories.<\/p>\n\n\n\n<p class=\"wp-block-paragraph\">Natural materials found on the island, such as pita fibre, hemp, esparto grass and dwarf palm, are used by craftspeople to create garments and accessories including traditional <em>espardenyes<\/em>, Ibizan baskets known as <em>senallons<\/em>, and <em>capells de floc<\/em>, elegant traditional white hats renowned for their intricate and painstaking craftsmanship.<\/p>\n\n\n\n<p class=\"wp-block-paragraph\">&nbsp;<\/p>\n\n\n\n<h3 class=\"wp-block-heading\">Pasarela Adlib Ibiza: An appointment with the island<\/h3>\n\n\n\n<p class=\"wp-block-paragraph\"><\/p>\n\n\n\n<p class=\"wp-block-paragraph\">Although white is the colour most closely associated with Adlib fashion, other shades have gradually found their way into the collections presented each year at Pasarela Adlib Ibiza, a fashion event that dates back to 1971 and has been closely linked to the figure of Smilja Mihailovitch since its beginnings.<\/p>\n\n\n\n<p class=\"wp-block-paragraph\">This major event is usually held in May or June, depending on the year, and each edition attracts numerous celebrities who don\u2019t want to miss one of the highlights of Ibiza\u2019s calendar.<\/p>\n\n\n\n<p class=\"wp-block-paragraph\">&nbsp;<\/p>\n\n\n\n<h2 class=\"wp-block-heading\">Designers and Adlib fashion shops: where to buy<\/h2>\n\n\n\n<p class=\"wp-block-paragraph\">&nbsp;<\/p>\n\n\n\n<figure class=\"wp-block-image\"><img decoding=\"async\" src=\"https:\/\/blog.fuerte-group.com\/wp-content\/uploads\/2023\/07\/adlib-fashion-ibiza-shop.jpg\" alt=\"Adlib fashion Ibiza \"\/><\/figure>\n\n\n\n<p class=\"wp-block-paragraph\"><\/p>\n\n\n\n<p class=\"wp-block-paragraph\">Today, the island is home to a wide range of designers specialising in this style, whose creations can be found in boutiques and shops across Ibiza. Garments and accessories carrying the Adlib Ibiza label belong to brands affiliated with this designation of origin, promoted by the Consell Insular d\u2019Eivissa.<\/p>\n\n\n\n<p class=\"wp-block-paragraph\">The label currently brings together 14 fashion and accessories brands: Virginia Vald, Ivanna Mestres, K de Kosekose, Ibiza Stones, Piluca Bayarri, Espardenyes Torres, Monika Maxim Ibiza, S72 Hat, Estrivancus, Dolors Mir\u00f3 Ibiza, Ibimoda, Elisa Pomar Ibiza, Vintage Ibiza and Tony Bonet.<\/p>\n\n\n\n<p class=\"wp-block-paragraph\">There are also other designers who have been important ambassadors for Ibizan fashion and who continue to create outside the official label today, including the successful designer Charo Ruiz.<\/p>\n\n\n\n<p class=\"wp-block-paragraph\">&nbsp;<\/p>\n\n\n\n<h3 class=\"wp-block-heading\">Adlib fashion designers with their own shop<\/h3>\n\n\n\n<p class=\"wp-block-paragraph\">&nbsp;<\/p>\n\n\n\n<p class=\"wp-block-paragraph\"><strong>Piluca Bayarri<\/strong><\/p>\n\n\n\n<p class=\"wp-block-paragraph\">One of the most established firms of Adlib Moda Ibiza, with sensual designs made of 100% cotton.<\/p>\n\n\n\n<p class=\"wp-block-paragraph\">Shop: c\/ sa Creu, 30 (Ibiza)<\/p>\n\n\n\n<p class=\"wp-block-paragraph\"><a class=\"btn location\" href=\"https:\/\/goo.gl\/maps\/4xmkrtLAJ2Y8LniU7\" target=\"_blank\" rel=\"noopener\">Google Maps<\/a><\/p>\n\n\n\n<p class=\"wp-block-paragraph\">&nbsp;<\/p>\n\n\n\n<p class=\"wp-block-paragraph\"><strong>Elisa Pomar<\/strong><\/p>\n\n\n\n<p class=\"wp-block-paragraph\">Elisa Pomar&#8217;s gold and silver work is inspired by the emblematic piece of traditional Ibizan jewellery: the <em>emprendada<\/em>.<\/p>\n\n\n\n<p class=\"wp-block-paragraph\">Shop: Passeig de Vara de Rey, 5 and Carrer Comte de Rossell\u00f3, 14 (Ibiza)<\/p>\n\n\n\n<p class=\"wp-block-paragraph\"><a class=\"btn location\" href=\"https:\/\/goo.gl\/maps\/mHbffZG9YMoKek7Q9\" target=\"_blank\" rel=\"noopener\">Google Maps<\/a><\/p>\n\n\n\n<p class=\"wp-block-paragraph\">&nbsp;<\/p>\n\n\n\n<figure class=\"wp-block-image\"><img decoding=\"async\" src=\"https:\/\/blog.fuerte-group.com\/wp-content\/uploads\/2023\/07\/adlib-fashion-ibiza-2.jpg\" alt=\"Adlib Ibiza fashion\"\/><\/figure>\n\n\n\n<p class=\"wp-block-paragraph\"><\/p>\n\n\n\n<p class=\"wp-block-paragraph\"><strong>Vintage Ibiza<\/strong><\/p>\n\n\n\n<p class=\"wp-block-paragraph\">Alberto Serra Ram\u00edrez and Jos\u00e9 Antonio Mar\u00ed Schroder are the creators of this brand that maintains the essence of the Adlib creations of the 70s and 80s.<\/p>\n\n\n\n<p class=\"wp-block-paragraph\">Shops: c\/ San Jaime, 73 &#8211; Santa Eul\u00e0ria, and Plaza de l&#8217;Esgl\u00e8sia, s\/n &#8211; Sant Carles<\/p>\n\n\n\n<p class=\"wp-block-paragraph\"><a class=\"btn location\" href=\"https:\/\/goo.gl\/maps\/MHrLgZJzJn7jRtxGA\" target=\"_blank\" rel=\"noopener\">Google Maps<\/a><\/p>\n\n\n\n<p class=\"wp-block-paragraph\">&nbsp;<\/p>\n\n\n\n<p class=\"wp-block-paragraph\"><strong>Pepa Bonett<\/strong><\/p>\n\n\n\n<p class=\"wp-block-paragraph\">This designer maintains one of the fundamental principles of Adlib fashion in her collections: naturalness. Her garments are made in her workshop in Ibiza with 100% natural fabrics.<\/p>\n\n\n\n<p class=\"wp-block-paragraph\">Shop: c\/ de Balears, 6 (Ibiza).<\/p>\n\n\n\n<p class=\"wp-block-paragraph\"><a class=\"btn location\" href=\"https:\/\/goo.gl\/maps\/ZHxjYjAhznYHWmBz9\" target=\"_blank\" rel=\"noopener\">Google Maps<\/a><\/p>\n\n\n\n<p class=\"wp-block-paragraph\">&nbsp;<\/p>\n\n\n\n<p class=\"wp-block-paragraph\"><strong>Monika Maxim<\/strong><\/p>\n\n\n\n<p class=\"wp-block-paragraph\">With more than 20 years\u2019 experience in Ibiza fashion, Monika Maxim is unique because of her use of <em>cotonet<\/em>, a top-quality cotton that is decorated with lace, tatting and crochet.<\/p>\n\n\n\n<p class=\"wp-block-paragraph\">Tienda: C\/ Pere Franc\u00e8s, 38 (Ibiza)<\/p>\n\n\n\n<p class=\"wp-block-paragraph\"><a class=\"btn location\" href=\"https:\/\/maps.app.goo.gl\/awH5CsjRLwbRdTGAA\" target=\"_blank\" rel=\"noopener\">Google Maps<\/a><\/p>\n\n\n\n<p class=\"wp-block-paragraph\">&nbsp;<\/p>\n\n\n\n<figure class=\"wp-block-image\"><img decoding=\"async\" src=\"https:\/\/blog.fuerte-group.com\/wp-content\/uploads\/2023\/07\/moda-adlib-7.jpg\" alt=\"Moda ADLIB \"\/><\/figure>\n\n\n\n<p class=\"wp-block-paragraph\"><\/p>\n\n\n\n<h3 class=\"wp-block-heading\">Other Ibizan fashion designers you will like<\/h3>\n\n\n\n<p class=\"wp-block-paragraph\">&nbsp;<\/p>\n\n\n\n<p class=\"wp-block-paragraph\"><strong>Charo Ruiz<\/strong><\/p>\n\n\n\n<p class=\"wp-block-paragraph\">One of the most veteran and representative designers of Ibizan fashion.<\/p>\n\n\n\n<p class=\"wp-block-paragraph\">Shops: Av. Bartomeu Ramon I Tur n\u00ba 3 &#8211; Ibiza; and c\/Salvador Camacho s\/n &#8211; Santa Eul\u00e0ria.<\/p>\n\n\n\n<p class=\"wp-block-paragraph\"><a class=\"btn location\" href=\"https:\/\/goo.gl\/maps\/iTgQKrtRBVr8UbNA6\" target=\"_blank\" rel=\"noopener\">Google Maps<\/a><\/p>\n\n\n\n<p class=\"wp-block-paragraph\">&nbsp;<\/p>\n\n\n\n<p class=\"wp-block-paragraph\"><strong>Beatrice San Francisco<\/strong><\/p>\n\n\n\n<p class=\"wp-block-paragraph\">The designs of this brand were born in Ibiza and produced in Spain, following the criteria of slow fashion and local trade.&nbsp; The main material in her collection is recycled cotton.<\/p>\n\n\n\n<p class=\"wp-block-paragraph\">Shops: Paseo Vara de Rey, 7 &#8211; Ibiza, and Carrer de V\u00e9nda de Parada, 8B &#8211; Santa Gertrudis.<\/p>\n\n\n\n<p class=\"wp-block-paragraph\"><a class=\"btn location\" href=\"https:\/\/goo.gl\/maps\/F1dMvK3gGGCsfzyPA\" target=\"_blank\" rel=\"noopener\">Google Maps<\/a><\/p>\n\n\n\n<p class=\"wp-block-paragraph\">&nbsp;<\/p>\n\n\n\n<h3 class=\"wp-block-heading\">Multi-brand shops where you can buy Adlib fashion<\/h3>\n\n\n\n<p class=\"wp-block-paragraph\">&nbsp;<\/p>\n\n\n\n<figure class=\"wp-block-image\"><img decoding=\"async\" src=\"https:\/\/blog.fuerte-group.com\/wp-content\/uploads\/2023\/07\/adlib-fashion-ibiza-3.jpg\" alt=\"Adlib fashion Ibiza \"\/><\/figure>\n\n\n\n<p class=\"wp-block-paragraph\"><\/p>\n\n\n\n<p class=\"wp-block-paragraph\">In the following shops, you can find the creations of brands and designers that do not have a boutique open to the public, such as Tony Bonet, Luisa Tur Adlib, Dolors Mir\u00f3 Senallons, Espardenyes Torres, Estrivancus, Ibimoda, K de Kose Kose and Virginia Vald.<\/p>\n\n\n\n<p class=\"wp-block-paragraph\">&nbsp;<\/p>\n\n\n\n<p class=\"wp-block-paragraph\"><strong>Ad Libitum<\/strong><\/p>\n\n\n\n<p class=\"wp-block-paragraph\">C\/ Bisbe Cardona, 10 (Ibiza).<\/p>\n\n\n\n<p class=\"wp-block-paragraph\"><a class=\"btn location\" href=\"https:\/\/goo.gl\/maps\/QrfJ8eWGnfJ4wRNB6\" target=\"_blank\" rel=\"noopener\">Google Maps<\/a><\/p>\n\n\n\n<p class=\"wp-block-paragraph\">&nbsp;<\/p>\n\n\n\n<p class=\"wp-block-paragraph\"><strong>Bamba Ibiza <\/strong><\/p>\n\n\n\n<p class=\"wp-block-paragraph\">Antoni Palau, 5 (Ibiza).<\/p>\n\n\n\n<p class=\"wp-block-paragraph\"><a class=\"btn location\" href=\"https:\/\/goo.gl\/maps\/yeBvVMU4ep9TdHim8\" target=\"_blank\" rel=\"noopener\">Google Maps<\/a><\/p>\n\n\n\n<p class=\"wp-block-paragraph\">&nbsp;<\/p>\n\n\n\n<p class=\"wp-block-paragraph\"><strong>Pony<\/strong><\/p>\n\n\n\n<p class=\"wp-block-paragraph\">C\/ de Sa Creu, 1 (Ibiza)<\/p>\n\n\n\n<p class=\"wp-block-paragraph\"><a class=\"btn location\" href=\"https:\/\/goo.gl\/maps\/BWsZhccLLd68vqqJ7\" target=\"_blank\" rel=\"noopener\">Google Maps<\/a><\/p>\n\n\n\n<p class=\"wp-block-paragraph\">&nbsp;<\/p>\n\n\n\n<p class=\"wp-block-paragraph\"><strong>Ibiza Das<\/strong><\/p>\n\n\n\n<p class=\"wp-block-paragraph\">c\/ Manuel Sor\u00e1, 10 (Ibiza)<\/p>\n\n\n\n<p class=\"wp-block-paragraph\"><a class=\"btn location\" href=\"https:\/\/goo.gl\/maps\/r9EYWt4Qr88Dwyrm8\" target=\"_blank\" rel=\"noopener\">Google Maps<\/a><\/p>\n\n\n\n<p class=\"wp-block-paragraph\">&nbsp;<\/p>\n\n\n\n<p class=\"wp-block-paragraph\"><strong>Origens Pomar<\/strong><\/p>\n\n\n\n<p class=\"wp-block-paragraph\">Carrer de sa Xeringa, 2 (Ibiza)<\/p>\n\n\n\n<p class=\"wp-block-paragraph\"><a class=\"btn location\" href=\"https:\/\/maps.app.goo.gl\/osn5NdMjo4Tz3D3v9\" target=\"_blank\" rel=\"noopener\">Google Maps<\/a><\/p>\n\n\n\n<p class=\"wp-block-paragraph\"><strong>&nbsp;<\/strong><\/p>\n\n\n\n<p class=\"wp-block-paragraph\">&nbsp;<\/p>\n\n\n\n<h3 class=\"wp-block-heading\">Tips for creating an Ibizan style with&nbsp; personality<\/h3>\n\n\n\n<p class=\"wp-block-paragraph\">&nbsp;<\/p>\n\n\n\n<figure class=\"wp-block-image\"><img decoding=\"async\" src=\"https:\/\/blog.fuerte-group.com\/wp-content\/uploads\/2023\/07\/moda-adlib-8.jpg\" alt=\"Moda ADLIB \"\/><\/figure>\n\n\n\n<p class=\"wp-block-paragraph\"><\/p>\n\n\n\n<p class=\"wp-block-paragraph\">&nbsp;During your holiday in Ibiza, you\u2019re bound to come across relaxed, imaginative pieces that bring out your free spirit. But you might also hear that little voice saying, \u201cI love it, but I\u2019d only wear this in Ibiza.\u201d If that happens, there\u2019s only one thing to do: ignore it! Embrace the island\u2019s creativity and create your own outfit to wear wherever summer takes you.<\/p>\n\n\n\n<ul class=\"wp-block-list\">\n<li><strong>If you\u2019re looking for Adlib Ibiza fashion, check that it belongs to the official label.<\/strong> You\u2019ll find plenty of Ibizan-inspired clothing in boutiques, shops and markets, but not all of it is part of Adlib Ibiza. If you\u2019re looking for an official creation, make sure it comes from one of the brands currently included under the Adlib Ibiza label.<\/li>\n\n\n\n<li><strong>Don\u2019t limit yourself to white.<\/strong> Although it\u2019s the colour most closely associated with Adlib fashion, today\u2019s collections also feature other shades, prints, sheer fabrics and different combinations of materials. The key is to choose the pieces that best suit your personality.<\/li>\n\n\n\n<li><strong>Mix Adlib-inspired pieces with your everyday style.<\/strong> That blouse or skirt will look just as beautiful and fresh away from Ibiza! Pair them with more basic pieces and you can take a little of the island\u2019s spirit with you wherever summer happens to be.<\/li>\n\n\n\n<li><strong>Pay attention to fabrics and details.<\/strong> Cotton, linen, lace, embroidery, crochet and other handcrafted techniques are all part of the identity of Ibizan fashion. If you buy a delicate or handmade garment, check the washing and care instructions too, so you can keep it looking its best for longer.<\/li>\n\n\n\n<li><strong>Accessories count too.<\/strong> If you\u2019d rather add just a subtle Ibizan touch to your look, try a piece of jewellery, a handmade bag, a hat or a pair of traditional <em>espardenyes<\/em>. They\u2019re easy to combine and can stay with you summer after summer.<\/li>\n\n\n\n<li><strong>If you\u2019re treating yourself to something special, look for local craftsmanship.<\/strong> Jewellery inspired by traditional Ibizan metalwork is a great option. Brands such as Elisa Pomar reinterpret elements of the traditional <em>emprendada<\/em> to create contemporary pieces rooted in the island\u2019s culture.<\/li>\n\n\n\n<li><strong>How about a pair of <em>espardenyes<\/em> as a souvenir?<\/strong> This traditional Ibizan footwear is known for its handcrafted production and characteristic esparto sole. Today, you\u2019ll find everything from classic designs to more modern, colourful styles that are easy to combine with a summer look.<\/li>\n\n\n\n<li><strong>Explore boutiques and markets.<\/strong> Ibiza\u2019s markets are full of blouses, dresses, skirts, accessories and other Ibizan-inspired pieces for different styles and budgets. The selection and opening times can vary depending on the time of year, so it\u2019s a good idea to check the latest information before you go.<\/li>\n\n\n\n<li><strong>If you\u2019re looking for a particular brand, check where to find it before setting off.<\/strong> Collections, stockists and availability can vary throughout the season. A quick check before you head out shopping could save you an extra walk under the Ibizan sun.<\/li>\n<\/ul>\n\n\n\n<p class=\"wp-block-paragraph\">And remember, the essence of Adlib fashion has always been about freedom. It\u2019s not about copying a look from head to toe, but choosing the clothes and accessories that suit you best and making them your own.<\/p>\n\n\n\n<p class=\"wp-block-paragraph\"><\/p>\n\n\n\n<h2 class=\"wp-block-heading\">Show off your Ibizan look at Am\u00e0re Beach Hotel Ibiza<\/h2>\n\n\n\n<p class=\"wp-block-paragraph\"><\/p>\n\n\n\n<figure class=\"wp-block-image\"><img decoding=\"async\" src=\"https:\/\/blog.fuerte-group.com\/wp-content\/uploads\/2023\/07\/belvue-aib.jpg\" alt=\"B\u00e8lvue Rooftop Bar Ibiza\"\/><\/figure>\n\n\n\n<p class=\"wp-block-paragraph\"><\/p>\n\n\n\n<p class=\"wp-block-paragraph\">Shopping in Ibiza can be both exhilarating and exhausting. So when you get home from finding your new favourite summer outfit, you can wear it right away without having to leave the hotel! Just head upstairs to our <strong><a href=\"https:\/\/www.amarehotels.com\/amare-ibiza\/belvue-rooftop-bar\/\">B\u00e8lvue Rooftop Bar<\/a><\/strong>, where you can enjoy a fabulous sunset and DJ session then dine at Hayaca restaurant, whose creative menu inspired by Latin American cuisine will put a delicious finishing touch to your shopping experience. #whatafeeling<\/p>\n\n\n\n<p class=\"wp-block-paragraph\"><\/p>\n","protected":false},"excerpt":{"rendered":"<p>Ibiza\u2019s Adlib fashion style is among the icons of summer and one of the island&#8217;s creative references that cross international [&hellip;]<\/p>\n","protected":false},"author":5,"featured_media":6509,"comment_status":"open","ping_status":"open","sticky":false,"template":"","format":"standard","meta":{"_acf_changed":false,"site-sidebar-layout":"default","site-content-layout":"","ast-site-content-layout":"default","site-content-style":"default","site-sidebar-style":"default","ast-global-header-display":"","ast-banner-title-visibility":"","ast-main-header-display":"","ast-hfb-above-header-display":"","ast-hfb-below-header-display":"","ast-hfb-mobile-header-display":"","site-post-title":"","ast-breadcrumbs-content":"","ast-featured-img":"","footer-sml-layout":"","theme-transparent-header-meta":"","adv-header-id-meta":"","stick-header-meta":"","header-above-stick-meta":"","header-main-stick-meta":"","header-below-stick-meta":"","astra-migrate-meta-layouts":"default","ast-page-background-enabled":"default","ast-page-background-meta":{"desktop":{"background-color":"var(--ast-global-color-5)","background-image":"","background-repeat":"repeat","background-position":"center center","background-size":"auto","background-attachment":"scroll","background-type":"","background-media":"","overlay-type":"","overlay-color":"","overlay-opacity":"","overlay-gradient":""},"tablet":{"background-color":"","background-image":"","background-repeat":"repeat","background-position":"center center","background-size":"auto","background-attachment":"scroll","background-type":"","background-media":"","overlay-type":"","overlay-color":"","overlay-opacity":"","overlay-gradient":""},"mobile":{"background-color":"","background-image":"","background-repeat":"repeat","background-position":"center center","background-size":"auto","background-attachment":"scroll","background-type":"","background-media":"","overlay-type":"","overlay-color":"","overlay-opacity":"","overlay-gradient":""}},"ast-content-background-meta":{"desktop":{"background-color":"var(--ast-global-color-4)","background-image":"","background-repeat":"repeat","background-position":"center center","background-size":"auto","background-attachment":"scroll","background-type":"","background-media":"","overlay-type":"","overlay-color":"","overlay-opacity":"","overlay-gradient":""},"tablet":{"background-color":"var(--ast-global-color-4)","background-image":"","background-repeat":"repeat","background-position":"center center","background-size":"auto","background-attachment":"scroll","background-type":"","background-media":"","overlay-type":"","overlay-color":"","overlay-opacity":"","overlay-gradient":""},"mobile":{"background-color":"var(--ast-global-color-4)","background-image":"","background-repeat":"repeat","background-position":"center center","background-size":"auto","background-attachment":"scroll","background-type":"","background-media":"","overlay-type":"","overlay-color":"","overlay-opacity":"","overlay-gradient":""}},"footnotes":""},"categories":[175,179],"tags":[214,223,212,288,296],"hotel":[250,257,258],"class_list":["post-8672","post","type-post","status-publish","format-standard","has-post-thumbnail","hentry","category-blog-2","category-shopping","tag-advice","tag-culture","tag-leisure","tag-sin-categoria","tag-sin-categoria-3","hotel-amare-hotels-en","hotel-el-fuerte-marbella","hotel-el-fuerte-marbella-en"],"acf":[],"yoast_head":"<!-- This site is optimized with the Yoast SEO plugin v26.4 - https:\/\/yoast.com\/wordpress\/plugins\/seo\/ -->\n<title>Adlib fashion in Ibiza: designers and shops<\/title>\n<meta name=\"description\" content=\"Discover Adlib fashion in Ibiza, its designers, shops, history and tips for creating your own authentic Ibiza-inspired look.\" \/>\n<meta name=\"robots\" content=\"index, follow, max-snippet:-1, max-image-preview:large, max-video-preview:-1\" \/>\n<link rel=\"canonical\" href=\"https:\/\/blog.fuerte-group.com\/en\/adlib-fashion-ibiza\/\" \/>\n<meta property=\"og:locale\" content=\"en_GB\" \/>\n<meta property=\"og:type\" content=\"article\" \/>\n<meta property=\"og:title\" content=\"Adlib fashion in Ibiza: designers and shops\" \/>\n<meta property=\"og:description\" content=\"Discover Adlib fashion in Ibiza, its designers, shops, history and tips for creating your own authentic Ibiza-inspired look.\" \/>\n<meta property=\"og:url\" content=\"https:\/\/blog.fuerte-group.com\/en\/adlib-fashion-ibiza\/\" \/>\n<meta property=\"og:site_name\" content=\"Blog - Fuerte Group Hotels\" \/>\n<meta property=\"article:published_time\" content=\"2026-08-26T05:53:47+00:00\" \/>\n<meta property=\"article:modified_time\" content=\"2026-08-26T06:03:27+00:00\" \/>\n<meta property=\"og:image\" content=\"https:\/\/blog.fuerte-group.com\/wp-content\/uploads\/2025\/10\/adlib-fashion-ibiza-main.jpg\" \/>\n\t<meta property=\"og:image:width\" content=\"1000\" \/>\n\t<meta property=\"og:image:height\" content=\"600\" \/>\n\t<meta property=\"og:image:type\" content=\"image\/jpeg\" \/>\n<meta name=\"author\" content=\"Fuerte Group\" \/>\n<meta name=\"twitter:card\" content=\"summary_large_image\" \/>\n<meta name=\"twitter:label1\" content=\"Written by\" \/>\n\t<meta name=\"twitter:data1\" content=\"Fuerte Group\" \/>\n\t<meta name=\"twitter:label2\" content=\"Estimated reading time\" \/>\n\t<meta name=\"twitter:data2\" content=\"10 minutes\" \/>\n<script type=\"application\/ld+json\" class=\"yoast-schema-graph\">{\"@context\":\"https:\/\/schema.org\",\"@graph\":[{\"@type\":[\"Article\",\"BlogPosting\"],\"@id\":\"https:\/\/blog.fuerte-group.com\/en\/adlib-fashion-ibiza\/#article\",\"isPartOf\":{\"@id\":\"https:\/\/blog.fuerte-group.com\/en\/adlib-fashion-ibiza\/\"},\"author\":{\"name\":\"Fuerte Group\",\"@id\":\"https:\/\/blog.fuerte-group.com\/en\/#\/schema\/person\/2dbca6937e0807c084d3b91d5e45de9d\"},\"headline\":\"Adlib fashion: where to get your Ibiza look\",\"datePublished\":\"2026-08-26T05:53:47+00:00\",\"dateModified\":\"2026-08-26T06:03:27+00:00\",\"mainEntityOfPage\":{\"@id\":\"https:\/\/blog.fuerte-group.com\/en\/adlib-fashion-ibiza\/\"},\"wordCount\":1674,\"commentCount\":0,\"publisher\":{\"@id\":\"https:\/\/blog.fuerte-group.com\/en\/#organization\"},\"image\":{\"@id\":\"https:\/\/blog.fuerte-group.com\/en\/adlib-fashion-ibiza\/#primaryimage\"},\"thumbnailUrl\":\"https:\/\/blog.fuerte-group.com\/wp-content\/uploads\/2025\/10\/adlib-fashion-ibiza-main.jpg\",\"keywords\":[\"Advice\",\"Culture\",\"Leisure\",\"Sin categor\u00eda\",\"Sin categor\u00eda\"],\"articleSection\":[\"blog\",\"Shopping\"],\"inLanguage\":\"en-GB\",\"potentialAction\":[{\"@type\":\"CommentAction\",\"name\":\"Comment\",\"target\":[\"https:\/\/blog.fuerte-group.com\/en\/adlib-fashion-ibiza\/#respond\"]}]},{\"@type\":\"WebPage\",\"@id\":\"https:\/\/blog.fuerte-group.com\/en\/adlib-fashion-ibiza\/\",\"url\":\"https:\/\/blog.fuerte-group.com\/en\/adlib-fashion-ibiza\/\",\"name\":\"Adlib fashion in Ibiza: designers and shops\",\"isPartOf\":{\"@id\":\"https:\/\/blog.fuerte-group.com\/en\/#website\"},\"primaryImageOfPage\":{\"@id\":\"https:\/\/blog.fuerte-group.com\/en\/adlib-fashion-ibiza\/#primaryimage\"},\"image\":{\"@id\":\"https:\/\/blog.fuerte-group.com\/en\/adlib-fashion-ibiza\/#primaryimage\"},\"thumbnailUrl\":\"https:\/\/blog.fuerte-group.com\/wp-content\/uploads\/2025\/10\/adlib-fashion-ibiza-main.jpg\",\"datePublished\":\"2026-08-26T05:53:47+00:00\",\"dateModified\":\"2026-08-26T06:03:27+00:00\",\"description\":\"Discover Adlib fashion in Ibiza, its designers, shops, history and tips for creating your own authentic Ibiza-inspired look.\",\"breadcrumb\":{\"@id\":\"https:\/\/blog.fuerte-group.com\/en\/adlib-fashion-ibiza\/#breadcrumb\"},\"inLanguage\":\"en-GB\",\"potentialAction\":[{\"@type\":\"ReadAction\",\"target\":[\"https:\/\/blog.fuerte-group.com\/en\/adlib-fashion-ibiza\/\"]}]},{\"@type\":\"ImageObject\",\"inLanguage\":\"en-GB\",\"@id\":\"https:\/\/blog.fuerte-group.com\/en\/adlib-fashion-ibiza\/#primaryimage\",\"url\":\"https:\/\/blog.fuerte-group.com\/wp-content\/uploads\/2025\/10\/adlib-fashion-ibiza-main.jpg\",\"contentUrl\":\"https:\/\/blog.fuerte-group.com\/wp-content\/uploads\/2025\/10\/adlib-fashion-ibiza-main.jpg\",\"width\":1000,\"height\":600},{\"@type\":\"BreadcrumbList\",\"@id\":\"https:\/\/blog.fuerte-group.com\/en\/adlib-fashion-ibiza\/#breadcrumb\",\"itemListElement\":[{\"@type\":\"ListItem\",\"position\":1,\"name\":\"Portada\",\"item\":\"https:\/\/blog.fuerte-group.com\/en\/\"},{\"@type\":\"ListItem\",\"position\":2,\"name\":\"Adlib fashion: where to get your Ibiza look\"}]},{\"@type\":\"WebSite\",\"@id\":\"https:\/\/blog.fuerte-group.com\/en\/#website\",\"url\":\"https:\/\/blog.fuerte-group.com\/en\/\",\"name\":\"Blog - Fuerte Group Hotels\",\"description\":\"Blog Andalucia e Ibiza - Fuerte Group Hotels\",\"publisher\":{\"@id\":\"https:\/\/blog.fuerte-group.com\/en\/#organization\"},\"alternateName\":\"blog-fgh\",\"potentialAction\":[{\"@type\":\"SearchAction\",\"target\":{\"@type\":\"EntryPoint\",\"urlTemplate\":\"https:\/\/blog.fuerte-group.com\/en\/?s={search_term_string}\"},\"query-input\":{\"@type\":\"PropertyValueSpecification\",\"valueRequired\":true,\"valueName\":\"search_term_string\"}}],\"inLanguage\":\"en-GB\"},{\"@type\":\"Organization\",\"@id\":\"https:\/\/blog.fuerte-group.com\/en\/#organization\",\"name\":\"Fuerte Group S.L.\",\"alternateName\":\"Fuerte Group S.L.\",\"url\":\"https:\/\/blog.fuerte-group.com\/en\/\",\"logo\":{\"@type\":\"ImageObject\",\"inLanguage\":\"en-GB\",\"@id\":\"https:\/\/blog.fuerte-group.com\/en\/#\/schema\/logo\/image\/\",\"url\":\"https:\/\/blog.fuerte-group.com\/wp-content\/uploads\/2025\/05\/logo-fuerte-group-blog-naranja-02.svg\",\"contentUrl\":\"https:\/\/blog.fuerte-group.com\/wp-content\/uploads\/2025\/05\/logo-fuerte-group-blog-naranja-02.svg\",\"caption\":\"Fuerte Group S.L.\"},\"image\":{\"@id\":\"https:\/\/blog.fuerte-group.com\/en\/#\/schema\/logo\/image\/\"}},{\"@type\":\"Person\",\"@id\":\"https:\/\/blog.fuerte-group.com\/en\/#\/schema\/person\/2dbca6937e0807c084d3b91d5e45de9d\",\"name\":\"Fuerte Group\",\"image\":{\"@type\":\"ImageObject\",\"inLanguage\":\"en-GB\",\"@id\":\"https:\/\/blog.fuerte-group.com\/en\/#\/schema\/person\/image\/\",\"url\":\"https:\/\/secure.gravatar.com\/avatar\/1252cf13fd5ebc8ff2eb376323ce749771613b9f6684dd6fcfe90ce1ec0d978b?s=96&d=mm&r=g\",\"contentUrl\":\"https:\/\/secure.gravatar.com\/avatar\/1252cf13fd5ebc8ff2eb376323ce749771613b9f6684dd6fcfe90ce1ec0d978b?s=96&d=mm&r=g\",\"caption\":\"Fuerte Group\"},\"description\":\"Fuerte Group Hotels es la divisi\u00f3n hotelera del Grupo El Fuerte, un grupo empresarial familiar andaluz fundado en 1957 por Jos\u00e9 Luque Manzano. Fuerte Group Hotels se componde de 5 marcas distintas, cada una de ellas con una personalidad propia. Fuerte Hoteles, para toda la familia; Am\u00e0re Hotels, recomendada para adultos; Ol\u00e9e Holiday Rentals, apartamentos vacacionales; El Fuerte Marbella, lujo casual 5 estrellas; y DAIA, hoteles para un descanso \u2018slow beach\u2019.\",\"sameAs\":[\"https:\/\/www.fuerte-group.com\/\"],\"url\":\"https:\/\/blog.fuerte-group.com\/en\/author\/fuertegroup\/\"}]}<\/script>\n<!-- \/ Yoast SEO plugin. -->","yoast_head_json":{"title":"Adlib fashion in Ibiza: designers and shops","description":"Discover Adlib fashion in Ibiza, its designers, shops, history and tips for creating your own authentic Ibiza-inspired look.","robots":{"index":"index","follow":"follow","max-snippet":"max-snippet:-1","max-image-preview":"max-image-preview:large","max-video-preview":"max-video-preview:-1"},"canonical":"https:\/\/blog.fuerte-group.com\/en\/adlib-fashion-ibiza\/","og_locale":"en_GB","og_type":"article","og_title":"Adlib fashion in Ibiza: designers and shops","og_description":"Discover Adlib fashion in Ibiza, its designers, shops, history and tips for creating your own authentic Ibiza-inspired look.","og_url":"https:\/\/blog.fuerte-group.com\/en\/adlib-fashion-ibiza\/","og_site_name":"Blog - Fuerte Group Hotels","article_published_time":"2026-08-26T05:53:47+00:00","article_modified_time":"2026-08-26T06:03:27+00:00","og_image":[{"width":1000,"height":600,"url":"https:\/\/blog.fuerte-group.com\/wp-content\/uploads\/2025\/10\/adlib-fashion-ibiza-main.jpg","type":"image\/jpeg"}],"author":"Fuerte Group","twitter_card":"summary_large_image","twitter_misc":{"Written by":"Fuerte Group","Estimated reading time":"10 minutes"},"schema":{"@context":"https:\/\/schema.org","@graph":[{"@type":["Article","BlogPosting"],"@id":"https:\/\/blog.fuerte-group.com\/en\/adlib-fashion-ibiza\/#article","isPartOf":{"@id":"https:\/\/blog.fuerte-group.com\/en\/adlib-fashion-ibiza\/"},"author":{"name":"Fuerte Group","@id":"https:\/\/blog.fuerte-group.com\/en\/#\/schema\/person\/2dbca6937e0807c084d3b91d5e45de9d"},"headline":"Adlib fashion: where to get your Ibiza look","datePublished":"2026-08-26T05:53:47+00:00","dateModified":"2026-08-26T06:03:27+00:00","mainEntityOfPage":{"@id":"https:\/\/blog.fuerte-group.com\/en\/adlib-fashion-ibiza\/"},"wordCount":1674,"commentCount":0,"publisher":{"@id":"https:\/\/blog.fuerte-group.com\/en\/#organization"},"image":{"@id":"https:\/\/blog.fuerte-group.com\/en\/adlib-fashion-ibiza\/#primaryimage"},"thumbnailUrl":"https:\/\/blog.fuerte-group.com\/wp-content\/uploads\/2025\/10\/adlib-fashion-ibiza-main.jpg","keywords":["Advice","Culture","Leisure","Sin categor\u00eda","Sin categor\u00eda"],"articleSection":["blog","Shopping"],"inLanguage":"en-GB","potentialAction":[{"@type":"CommentAction","name":"Comment","target":["https:\/\/blog.fuerte-group.com\/en\/adlib-fashion-ibiza\/#respond"]}]},{"@type":"WebPage","@id":"https:\/\/blog.fuerte-group.com\/en\/adlib-fashion-ibiza\/","url":"https:\/\/blog.fuerte-group.com\/en\/adlib-fashion-ibiza\/","name":"Adlib fashion in Ibiza: designers and shops","isPartOf":{"@id":"https:\/\/blog.fuerte-group.com\/en\/#website"},"primaryImageOfPage":{"@id":"https:\/\/blog.fuerte-group.com\/en\/adlib-fashion-ibiza\/#primaryimage"},"image":{"@id":"https:\/\/blog.fuerte-group.com\/en\/adlib-fashion-ibiza\/#primaryimage"},"thumbnailUrl":"https:\/\/blog.fuerte-group.com\/wp-content\/uploads\/2025\/10\/adlib-fashion-ibiza-main.jpg","datePublished":"2026-08-26T05:53:47+00:00","dateModified":"2026-08-26T06:03:27+00:00","description":"Discover Adlib fashion in Ibiza, its designers, shops, history and tips for creating your own authentic Ibiza-inspired look.","breadcrumb":{"@id":"https:\/\/blog.fuerte-group.com\/en\/adlib-fashion-ibiza\/#breadcrumb"},"inLanguage":"en-GB","potentialAction":[{"@type":"ReadAction","target":["https:\/\/blog.fuerte-group.com\/en\/adlib-fashion-ibiza\/"]}]},{"@type":"ImageObject","inLanguage":"en-GB","@id":"https:\/\/blog.fuerte-group.com\/en\/adlib-fashion-ibiza\/#primaryimage","url":"https:\/\/blog.fuerte-group.com\/wp-content\/uploads\/2025\/10\/adlib-fashion-ibiza-main.jpg","contentUrl":"https:\/\/blog.fuerte-group.com\/wp-content\/uploads\/2025\/10\/adlib-fashion-ibiza-main.jpg","width":1000,"height":600},{"@type":"BreadcrumbList","@id":"https:\/\/blog.fuerte-group.com\/en\/adlib-fashion-ibiza\/#breadcrumb","itemListElement":[{"@type":"ListItem","position":1,"name":"Portada","item":"https:\/\/blog.fuerte-group.com\/en\/"},{"@type":"ListItem","position":2,"name":"Adlib fashion: where to get your Ibiza look"}]},{"@type":"WebSite","@id":"https:\/\/blog.fuerte-group.com\/en\/#website","url":"https:\/\/blog.fuerte-group.com\/en\/","name":"Blog - Fuerte Group Hotels","description":"Blog Andalucia e Ibiza - Fuerte Group Hotels","publisher":{"@id":"https:\/\/blog.fuerte-group.com\/en\/#organization"},"alternateName":"blog-fgh","potentialAction":[{"@type":"SearchAction","target":{"@type":"EntryPoint","urlTemplate":"https:\/\/blog.fuerte-group.com\/en\/?s={search_term_string}"},"query-input":{"@type":"PropertyValueSpecification","valueRequired":true,"valueName":"search_term_string"}}],"inLanguage":"en-GB"},{"@type":"Organization","@id":"https:\/\/blog.fuerte-group.com\/en\/#organization","name":"Fuerte Group S.L.","alternateName":"Fuerte Group S.L.","url":"https:\/\/blog.fuerte-group.com\/en\/","logo":{"@type":"ImageObject","inLanguage":"en-GB","@id":"https:\/\/blog.fuerte-group.com\/en\/#\/schema\/logo\/image\/","url":"https:\/\/blog.fuerte-group.com\/wp-content\/uploads\/2025\/05\/logo-fuerte-group-blog-naranja-02.svg","contentUrl":"https:\/\/blog.fuerte-group.com\/wp-content\/uploads\/2025\/05\/logo-fuerte-group-blog-naranja-02.svg","caption":"Fuerte Group S.L."},"image":{"@id":"https:\/\/blog.fuerte-group.com\/en\/#\/schema\/logo\/image\/"}},{"@type":"Person","@id":"https:\/\/blog.fuerte-group.com\/en\/#\/schema\/person\/2dbca6937e0807c084d3b91d5e45de9d","name":"Fuerte Group","image":{"@type":"ImageObject","inLanguage":"en-GB","@id":"https:\/\/blog.fuerte-group.com\/en\/#\/schema\/person\/image\/","url":"https:\/\/secure.gravatar.com\/avatar\/1252cf13fd5ebc8ff2eb376323ce749771613b9f6684dd6fcfe90ce1ec0d978b?s=96&d=mm&r=g","contentUrl":"https:\/\/secure.gravatar.com\/avatar\/1252cf13fd5ebc8ff2eb376323ce749771613b9f6684dd6fcfe90ce1ec0d978b?s=96&d=mm&r=g","caption":"Fuerte Group"},"description":"Fuerte Group Hotels es la divisi\u00f3n hotelera del Grupo El Fuerte, un grupo empresarial familiar andaluz fundado en 1957 por Jos\u00e9 Luque Manzano. Fuerte Group Hotels se componde de 5 marcas distintas, cada una de ellas con una personalidad propia. Fuerte Hoteles, para toda la familia; Am\u00e0re Hotels, recomendada para adultos; Ol\u00e9e Holiday Rentals, apartamentos vacacionales; El Fuerte Marbella, lujo casual 5 estrellas; y DAIA, hoteles para un descanso \u2018slow beach\u2019.","sameAs":["https:\/\/www.fuerte-group.com\/"],"url":"https:\/\/blog.fuerte-group.com\/en\/author\/fuertegroup\/"}]}},"amp_enabled":true,"_links":{"self":[{"href":"https:\/\/blog.fuerte-group.com\/en\/wp-json\/wp\/v2\/posts\/8672","targetHints":{"allow":["GET"]}}],"collection":[{"href":"https:\/\/blog.fuerte-group.com\/en\/wp-json\/wp\/v2\/posts"}],"about":[{"href":"https:\/\/blog.fuerte-group.com\/en\/wp-json\/wp\/v2\/types\/post"}],"author":[{"embeddable":true,"href":"https:\/\/blog.fuerte-group.com\/en\/wp-json\/wp\/v2\/users\/5"}],"replies":[{"embeddable":true,"href":"https:\/\/blog.fuerte-group.com\/en\/wp-json\/wp\/v2\/comments?post=8672"}],"version-history":[{"count":5,"href":"https:\/\/blog.fuerte-group.com\/en\/wp-json\/wp\/v2\/posts\/8672\/revisions"}],"predecessor-version":[{"id":11199,"href":"https:\/\/blog.fuerte-group.com\/en\/wp-json\/wp\/v2\/posts\/8672\/revisions\/11199"}],"wp:featuredmedia":[{"embeddable":true,"href":"https:\/\/blog.fuerte-group.com\/en\/wp-json\/wp\/v2\/media\/6509"}],"wp:attachment":[{"href":"https:\/\/blog.fuerte-group.com\/en\/wp-json\/wp\/v2\/media?parent=8672"}],"wp:term":[{"taxonomy":"category","embeddable":true,"href":"https:\/\/blog.fuerte-group.com\/en\/wp-json\/wp\/v2\/categories?post=8672"},{"taxonomy":"post_tag","embeddable":true,"href":"https:\/\/blog.fuerte-group.com\/en\/wp-json\/wp\/v2\/tags?post=8672"},{"taxonomy":"hotel","embeddable":true,"href":"https:\/\/blog.fuerte-group.com\/en\/wp-json\/wp\/v2\/hotel?post=8672"}],"curies":[{"name":"wp","href":"https:\/\/api.w.org\/{rel}","templated":true}]}}