{"id":8768,"date":"2026-08-19T07:19:33","date_gmt":"2026-08-19T05:19:33","guid":{"rendered":"https:\/\/blog.fuerte-group.com\/vinotheques-costa-del-sol\/"},"modified":"2026-08-19T07:19:46","modified_gmt":"2026-08-19T05:19:46","slug":"vinotheques-costa-del-sol","status":"publish","type":"post","link":"https:\/\/blog.fuerte-group.com\/fr\/vinotheques-costa-del-sol\/","title":{"rendered":"Les meilleures Bars \u00e0 vins de la Costa del Sol"},"content":{"rendered":"\n<p class=\"wp-block-paragraph\">L&#8217;<strong>oenotourisme sur la Costa del<\/strong> Sol cache une multitude de secrets et offre par cons\u00e9quent un large \u00e9ventail d&#8217;options allant des vins de petite production au bouquet raffin\u00e9; vins rares ou avec appellation d&#8217;origine; des vignobles m\u00e9diterran\u00e9ens ou des pentes de la Bourgogne; rouge, ros\u00e9 ou blanc &#8230; En bref, les <strong>bars \u00e0 vins de la Costa del Sol<\/strong> vous proposent une s\u00e9lection compl\u00e8te des mille et une saveurs du vin. Et tout cela avec un large \u00e9ventail de loisirs allant de la nature \u00e0 la gastronomie en passant par la vie nocturne. A Marbella, l\u2019une des meilleures options est de conna\u00eetre leur culture du vin et de se promener entre les vignobles de r\u00e9gions embl\u00e9matiques comme l\u2019Axarqu\u00eda, les Montes de M\u00e1laga ou la Serrania de Ronda et de savourer un bon bouillon dans un club de plage \u00e0 Marbella au pied de la M\u00e9diterran\u00e9e est inestimable. Blancs, rouges ou ros\u00e9s.<\/p>\n\n\n\n<p class=\"wp-block-paragraph\">Nous vous pr\u00e9sentons ici l&#8217;une des propositions les plus sybaritiques de la Costa del Sol: l&#8217;excellence du vin local pour vivre une exp\u00e9rience unique li\u00e9e \u00e0 la \u00abculture du vin\u00bb.<\/p>\n\n\n\n<p class=\"wp-block-paragraph\">Vous venez ?<\/p>\n\n\n\n<p class=\"wp-block-paragraph\">&nbsp;<\/p>\n\n\n\n<h2 class=\"wp-block-heading\">M\u00e1laga et l&#8217;histoire du vin<\/h2>\n\n\n\n<p class=\"wp-block-paragraph\">&nbsp;<\/p>\n\n\n\n<figure class=\"wp-block-image\"><img decoding=\"async\" src=\"https:\/\/blog.fuerte-group.com\/wp-content\/uploads\/2016\/01\/roman-fresco-wine.jpg\" alt=\"M\u00e1laga and the history of wine\"\/><\/figure>\n\n\n\n<p class=\"wp-block-paragraph\"><\/p>\n\n\n\n<p class=\"wp-block-paragraph\">&nbsp;<\/p>\n\n\n\n<p class=\"wp-block-paragraph\">&nbsp;<\/p>\n\n\n\n<p class=\"wp-block-paragraph\">L\u2019histoire du vin de Malaga remonte \u00e0 plusieurs mill\u00e9naires. Des vestiges datant du N\u00e9olithique ont \u00e9t\u00e9 d\u00e9couverts, tandis que les Ph\u00e9niciens ont contribu\u00e9 au d\u00e9veloppement de la culture de la vigne dans la r\u00e9gion. Parmi les vins et les styles traditionnels figurent le Pajarete, le Moscatel, le L\u00e1grima, le Pedro Xim\u00e9nez, le M\u00e1laga Dulce Color et le M\u00e1laga Seco. Bien que Malaga soit particuli\u00e8rement r\u00e9put\u00e9e pour ses vins doux, l\u2019appellation d\u2019origine M\u00e1laga couvre \u00e9galement des vins secs, tandis que l\u2019appellation Sierras de M\u00e1laga regroupe des vins blancs, rouges et ros\u00e9s.<\/p>\n\n\n\n<p class=\"wp-block-paragraph\">Comme curiosit\u00e9, il convient de mentionner que les vins de Malaga sont devenus si c\u00e9l\u00e8bres dans le monde qu&#8217;une fois un ambassadeur d\u2019Espagne en Russie, a offert \u00e0 Catalina II des caisses de ce vin et que l\u2019imp\u00e9ratrice a tellement aim\u00e9 qu\u2019elle les exon\u00e9rai de tout imp\u00f4t durant tout son empire. Presque rien !<\/p>\n\n\n\n<p class=\"wp-block-paragraph\">&nbsp;<\/p>\n\n\n\n<h2 class=\"wp-block-heading\">Les meilleurs bar \u00e0 vin<\/h2>\n\n\n\n<p class=\"wp-block-paragraph\">&nbsp;<\/p>\n\n\n\n<figure class=\"wp-block-image\"><img decoding=\"async\" src=\"https:\/\/blog.fuerte-group.com\/wp-content\/uploads\/2019\/05\/red-wine-with-iberian-ham.jpg\" alt=\"Wine Bars in Marbella and Costa del Sol\"\/><\/figure>\n\n\n\n<p class=\"wp-block-paragraph\"><\/p>\n\n\n\n<p class=\"wp-block-paragraph\">&nbsp;<\/p>\n\n\n\n<h3 class=\"wp-block-heading\"><strong>G-Wine<\/strong><\/h3>\n\n\n\n<p class=\"wp-block-paragraph\">G Wine est id\u00e9alement situ\u00e9 pr\u00e8s du Boulevard San Pedro, offrant des options de places \u00e0 l&#8217;int\u00e9rieur et \u00e0 l&#8217;ext\u00e9rieur. Le restaurant propose un menu vari\u00e9 de tapas, des plats principaux signatures et plus de 25 vins au verre. Connu pour sa s\u00e9lection exceptionnelle de vins, G Wine propose des vins locaux, internationaux et des mill\u00e9simes rares. Avec une cuisine ouverte tous les jours, il sert des steaks d&#8217;origine espagnole, des options v\u00e9g\u00e9tariennes et sans gluten, et organise des d\u00e9gustations priv\u00e9es et des accords mets-vins.<\/p>\n\n\n\n<p class=\"wp-block-paragraph\">Avenida Mar Mediterr\u00e1neo, edificio Arqueros Beach, local 8, 29670 San Pedro Alc\u00e1ntara, Marbella<br>web: <a href=\"https:\/\/g-wine.com\/\">www.g-wine.com<\/a><br>Tel: +34 662 428 819<br><a class=\"btn location\" href=\"https:\/\/maps.app.goo.gl\/djwYkksitZXfLacZA\" target=\"_blank\" rel=\"noopener\">Google Maps<\/a><\/p>\n\n\n\n<p class=\"wp-block-paragraph\">&nbsp;<\/p>\n\n\n\n<h3 class=\"wp-block-heading\"><strong>Adivino Wine Bar<\/strong><\/h3>\n\n\n\n<p class=\"wp-block-paragraph\">Fond\u00e9 par le sommelier malagu\u00e8ne Emilio Javier Campos Alami, c\u2019est un espace unique o\u00f9 le vin est \u00e0 l&#8217;honneur. Avec son exp\u00e9rience dans des restaurants \u00e9toil\u00e9s au Michelin et sa distribution internationale, ce bar propose des d\u00e9gustations th\u00e9matiques, des accords mets-vins exceptionnels et des \u00e9v\u00e9nements culturels, cr\u00e9ant une exp\u00e9rience inoubliable pour les amateurs de vin et de culture.<\/p>\n\n\n\n<p class=\"wp-block-paragraph\">Av. Miguel de Cervantes, 14, Local 3, Nueva Andaluc\u00eda, 29660 Marbella, M\u00e1laga<br>web: <a href=\"https:\/\/www.adivinowine.com\/about\" target=\"_blank\" rel=\"noopener\">www.adivinowine.com<\/a><br>Tel: +34 633 73 67 17<br><a class=\"btn location\" href=\"https:\/\/maps.app.goo.gl\/sxwMsm9KWwXvqnze6\" target=\"_blank\" rel=\"noopener\">Google Maps<\/a><\/p>\n\n\n\n<p class=\"wp-block-paragraph\">&nbsp;<\/p>\n\n\n\n<h3 class=\"wp-block-heading\"><strong>Vinoth\u00e8que La Cartuja<\/strong><\/h3>\n\n\n\n<p class=\"wp-block-paragraph\">La Cartuja est l&#8217;une des meilleures vinoth\u00e8ques de la Costa del Sol. Elle organise aussi des d\u00e9gustations de vins avec les crus les plus innovants. Vous y trouverez \u00e9galement des accessoires autour du vin, des livres, des huiles d\u2019olive vierge extra et d\u2019autres produits gastronomiques.<\/p>\n\n\n\n<p class=\"wp-block-paragraph\">Ed Maria 2,Plaza Joaqu\u00edn G\u00f3mez Ag\u00fcera, s\/n Local 5-7, 29601 Marbella, M\u00e1laga<br>Tel: +34 952 77 52 03<br><a class=\"btn location\" href=\"https:\/\/goo.gl\/maps\/burx9UG3fqT2\" target=\"_blank\" rel=\"noopener\">Google Maps<\/a><\/p>\n\n\n\n<p class=\"wp-block-paragraph\">&nbsp;<\/p>\n\n\n\n<figure class=\"wp-block-image\"><img decoding=\"async\" src=\"https:\/\/blog.fuerte-group.com\/wp-content\/uploads\/2018\/05\/wine-tourism-malaga.jpg\" alt=\"Wine tourism M\u00e1laga\"\/><\/figure>\n\n\n\n<p class=\"wp-block-paragraph\"><\/p>\n\n\n\n<p class=\"wp-block-paragraph\">&nbsp;<\/p>\n\n\n\n<h3 class=\"wp-block-heading\"><\/h3>\n\n\n\n<h3 class=\"wp-block-heading\"><strong>Vinoth\u00e8que Sabor \u00e0 M\u00e1laga <\/strong><\/h3>\n\n\n\n<p class=\"wp-block-paragraph\">Un espace qui est une boutique-bar consacr\u00e9e \u00e0 la marque Sabor a M\u00e1laga La vinoth\u00e8que organise des d\u00e9gustations ou des mariages pour se r\u00e9galer avec le meilleur des produits locaux.<\/p>\n\n\n\n<p class=\"wp-block-paragraph\">Dentro de El Corte Ingl\u00e9s Costa Mijas, C\/ Santa Laura, s\/n, 29651 Las Lagunas de Mijas, M\u00e1laga<\/p>\n\n\n\n<p class=\"wp-block-paragraph\"><a class=\"btn location\" href=\"https:\/\/goo.gl\/maps\/fwkFMAwLYiK\" target=\"_blank\" rel=\"noopener\">Google Maps<\/a><\/p>\n\n\n\n<p class=\"wp-block-paragraph\">&nbsp;<\/p>\n\n\n\n<h3 class=\"wp-block-heading\"><strong>Vinoteca Bouquet<\/strong><\/h3>\n\n\n\n<p class=\"wp-block-paragraph\">La Vinoteca Bouquet est un espace sp\u00e9cialis\u00e9 dans les vins et les gins, o\u00f9 le vin est au c\u0153ur de l\u2019exp\u00e9rience. Elle propose des d\u00e9gustations personnalis\u00e9es, des conseils et la vente de bouteilles \u00e0 emporter.<\/p>\n\n\n\n<p class=\"wp-block-paragraph\">Alameda Principal, 24, 29005 M\u00e1laga<br>\nTel: +34 622 22 32 47<br>\n<a class=\"btn location\" href=\"https:\/\/goo.gl\/maps\/4pdbcHWuD8XMhs4m9\" target=\"_blank\" rel=\"noopener\">Google Maps<\/a><\/p>\n\n\n\n<p class=\"wp-block-paragraph\"><\/p>\n\n\n\n<p class=\"wp-block-paragraph\"><\/p>\n\n\n\n<p class=\"wp-block-paragraph\"><\/p>\n\n\n\n<p class=\"wp-block-paragraph\"><\/p>\n\n\n\n<p class=\"wp-block-paragraph\"><\/p>\n\n\n\n<h3 class=\"wp-block-heading\"><strong>Los Patios de Beatas vinoth\u00e8que-mus\u00e9e <\/strong><\/h3>\n\n\n\n<p class=\"wp-block-paragraph\">Apr\u00e8s des ann\u00e9es de r\u00e9novation des deux demeures, l&#8217;une du XVIIIe et l&#8217;autre du XIXe si\u00e8cle, prot\u00e9g\u00e9es architecturalement par leur beaut\u00e9 et par la valeur historique de leurs cours int\u00e9rieures, la vinoth\u00e8que-mus\u00e9e Los Patios de Beatas offre \u00e0 ses visiteurs un espace singulier, unique \u00e0 Malaga, dans lequel on retrouve le meilleur de la gastronomie andalouse et espagnole, avec des clins d&#8217;\u0153il appuy\u00e9s \u00e0 d&#8217;autres espaces mondialement renomm\u00e9s, comme la France et l&#8217;Italie ainsi que le Nouveau Monde&#8230; \u00e0 Los Patios de Beatas, vous d\u00e9gusterez des vins et des plats des sites gastronomiques les plus divers, sous un format dynamique dans lequel tout est int\u00e9gr\u00e9, avec des vins et des plats cr\u00e9atifs. L\u2019\u00e9tablissement propose plus de 600 vins espagnols et internationaux, ainsi que plus de 50 r\u00e9f\u00e9rences servies au verre dans son espace gastrobar.<\/p>\n\n\n\n<p class=\"wp-block-paragraph\">C\/ Beatas, 43, 29008 M\u00e1laga<br>web: www.lospatiosdebeatas.com<br>Tel: +34 952 21 03 50<br><a class=\"btn location\" href=\"https:\/\/goo.gl\/maps\/sJT4ruSh6a92\" target=\"_blank\" rel=\"noopener\">Google Maps<\/a><\/p>\n\n\n\n<p class=\"wp-block-paragraph\">&nbsp;<\/p>\n\n\n\n<figure class=\"wp-block-image\"><img decoding=\"async\" src=\"https:\/\/blog.fuerte-group.com\/wp-content\/uploads\/2016\/01\/winebars-marbella.jpg\" alt=\"Vinoth\u00e8ques \u00e0 Marbella et la Costa del Sol\"\/><\/figure>\n\n\n\n<p class=\"wp-block-paragraph\"><\/p>\n\n\n\n<p class=\"wp-block-paragraph\">&nbsp;<\/p>\n\n\n\n<h3 class=\"wp-block-heading\"><strong>La Casa del Rey<\/strong><\/h3>\n\n\n\n<p class=\"wp-block-paragraph\">En plein centre historique d&#8217;Estepona, \u00e0 proximit\u00e9 de la c\u00e9l\u00e8bre Plaza de las Flores, situ\u00e9e dans une maison de plus de 200 ans d&#8217;histoire, La Casa del Rey est une vinoth\u00e8que-restaurant qui a ouvert ses portes le 5 d\u00e9cembre 2012. La r\u00e9novation a \u00e9t\u00e9 r\u00e9alis\u00e9e en conservant tout le c\u00f4t\u00e9 historique et la beaut\u00e9 qui rendent cet \u00e9tablissement unique, o\u00f9 l&#8217;on peut d\u00e9guster la meilleure cuisine arros\u00e9e des meilleurs crus.<\/p>\n\n\n\n<p class=\"wp-block-paragraph\">Calle Raphael, 7, 29680 Estepona, M\u00e1laga<br>\nTel: +34 951 96 54 14<br>\n<a class=\"btn location\" href=\"https:\/\/goo.gl\/maps\/N7QsvxUdPWS2\" target=\"_blank\" rel=\"noopener\">Google Maps<\/a><\/p>\n\n\n\n<p class=\"wp-block-paragraph\">&nbsp;<\/p>\n\n\n\n<h3 class=\"wp-block-heading\"><strong>La Vi\u00f1a de Ale<\/strong><\/h3>\n\n\n\n<p class=\"wp-block-paragraph\">La vi\u00f1a de Ale est une vinoth\u00e8que qui parie sur la qualit\u00e9 et un service familial. Ici, vous pourrez d\u00e9guster le meilleur de l&#8217;essence ib\u00e9rique avec les meilleurs crus dans une atmosph\u00e8re tr\u00e8s soign\u00e9e. Un petit mais exclusif d\u00e9lice pour le palais, o\u00f9 il faut savourer pour ne pas oublier. Des recettes de jadis avec une touche de modernit\u00e9, \u00e9labor\u00e9es avec les meilleurs produits de notre g\u00e9ographie et servis avec soin et avec un service convivial, qui font de La Vi\u00f1a de Ale un \u00e9tablissement exquis et de r\u00e9f\u00e9rence sur la Costa del Sol.<\/p>\n\n\n\n<p class=\"wp-block-paragraph\">Calle de Salvador Allende, 42, 29620 Torremolinos, M\u00e1laga<br>\nTel: +34 952 37 63 41<br>\n<a class=\"btn location\" href=\"https:\/\/goo.gl\/maps\/LiZHVU6njbD2\" target=\"_blank\" rel=\"noopener\">Google Maps<\/a><\/p>\n\n\n\n<p class=\"wp-block-paragraph\">&nbsp;<\/p>\n\n\n\n<p class=\"wp-block-paragraph\"><\/p>\n\n\n\n<h2 class=\"wp-block-heading\">Autres bars \u00e0 vin et cavistes<\/h2>\n\n\n\n<p class=\"wp-block-paragraph\"><br><strong>Casa Pablo<\/strong><br>Calle Ram\u00f3n G\u00f3mez de la Serna, 2, 29602 Marbella, M\u00e1laga<br>Tel: +34 952 77 00 24<br><a class=\"btn location\" href=\"https:\/\/maps.app.goo.gl\/ER1P2pGKwEDeNGQf8\" target=\"_blank\" rel=\"noopener\">Google Maps<\/a><br><\/p>\n\n\n\n<p class=\"wp-block-paragraph\"><strong>Vinacoteca Castillejos<\/strong><br>Calle Castillejos, 4, local 1, 29601 Marbella, M\u00e1laga<br>Tel: +34 952 77 36 25<br><a class=\"btn location\" href=\"https:\/\/maps.app.goo.gl\/uDgo2JLUqBY3uY178\" target=\"_blank\" rel=\"noopener\">Google Maps<\/a><br><\/p>\n\n\n\n<p class=\"wp-block-paragraph\"><strong>Subtil Wine Bar Marbella<\/strong><br>Centro Comercial Pinares de Elviria, local 20B, 29604 Marbella, M\u00e1laga<br>Tel: +34 951 15 28 59<br><a class=\"btn location\" href=\"https:\/\/maps.app.goo.gl\/J2VZJrLn8PcD2QmXA\" target=\"_blank\" rel=\"noopener\">Google Maps<\/a><br><\/p>\n\n\n\n<p class=\"wp-block-paragraph\"><strong>Vi\u00f1asur Vinos y Licores<\/strong><br>Avenida Pablo Ruiz Picasso, 48, 29670 San Pedro Alc\u00e1ntara, Marbella, M\u00e1laga<br>Tel: +34 952 78 51 93<br><a class=\"btn location\" href=\"https:\/\/maps.app.goo.gl\/NGNDcnJnA8qJysmA7\" target=\"_blank\" rel=\"noopener\">Google Maps<\/a><br><\/p>\n\n\n\n<p class=\"wp-block-paragraph\"><strong>Vinoteca 27<\/strong><br>Calle Santa Ana, 27, 29680 Estepona, M\u00e1laga<br>Tel: +34 613 40 12 85<br><a class=\"btn location\" href=\"https:\/\/maps.app.goo.gl\/8c974HC4zFHfVgYEA\" target=\"_blank\" rel=\"noopener\">Google Maps<\/a><br><\/p>\n\n\n\n<p class=\"wp-block-paragraph\"><strong>Distinto Vinos<\/strong><br>Avenida de los Boliches, 59, local B, 29640 Fuengirola, M\u00e1laga<br>Tel: +34 951 45 09 25<br><a class=\"btn location\" href=\"https:\/\/maps.app.goo.gl\/XxR1LrisW8oFRGAy6\" target=\"_blank\" rel=\"noopener\">Google Maps<\/a><\/p>\n\n\n\n<p class=\"wp-block-paragraph\"><\/p>\n\n\n\n<p class=\"wp-block-paragraph\"><\/p>\n\n\n\n<p class=\"wp-block-paragraph\"><\/p>\n\n\n\n<p class=\"wp-block-paragraph\">&nbsp;<\/p>\n\n\n\n<h2 class=\"wp-block-heading\">Des caves \u00e0 vins \u00e0 Malaga pour visiter<\/h2>\n\n\n\n<p class=\"wp-block-paragraph\">&nbsp;<\/p>\n\n\n\n<figure class=\"wp-block-image\"><img decoding=\"async\" src=\"https:\/\/blog.fuerte-group.com\/wp-content\/uploads\/2016\/01\/bodega-malaga-virgen.jpg\" alt=\"Bodegas M\u00e1laga Virgen\"\/><\/figure>\n\n\n\n<p class=\"wp-block-paragraph\"><\/p>\n\n\n\n<p class=\"wp-block-paragraph\">&nbsp;<\/p>\n\n\n\n<p class=\"wp-block-paragraph\">&nbsp;<\/p>\n\n\n\n<h3 class=\"wp-block-heading\"><strong>Bodegas Quitapenas<\/strong><\/h3>\n\n\n\n<p class=\"wp-block-paragraph\">Quitapenas est l\u2019une des marques de vin les plus connues de M\u00e1laga. Sa cave propose des visites guid\u00e9es et des d\u00e9gustations sur r\u00e9servation. Ces exp\u00e9riences sont payantes et leur tarif varie selon la formule choisie. Bodegas Quitapenas poss\u00e8de \u00e9galement deux tavernes dans le centre de M\u00e1laga, Mar\u00edn Garc\u00eda et S\u00e1nchez Pastor, o\u00f9 vous pourrez d\u00e9guster des tapas accompagn\u00e9es de vins.<\/p>\n\n\n\n<p class=\"wp-block-paragraph\">Carretera de Guadalmar, 12, 29004 M\u00e1laga<br>web: www.quitapenas.es<br>Tel: +34 952 24 75 95<br><a class=\"btn location\" href=\"https:\/\/goo.gl\/maps\/KLju6juECuL2\" target=\"_blank\" rel=\"noopener\">Google Maps<\/a><\/p>\n\n\n\n<p class=\"wp-block-paragraph\">&nbsp;<\/p>\n\n\n\n<h3 class=\"wp-block-heading\"><strong>Bodegas Sedella<\/strong><\/h3>\n\n\n\n<p class=\"wp-block-paragraph\">En pleine Axarqu\u00eda nous d\u00e9couvrons la cave Sedella, le lieu choisi par l&#8217;\u0153nologue Lauren Rosillo, une jeune innovatrice du monde du vin. Une partie du secret de ce vignoble r\u00e9side dans son emplacement fabuleux car il se trouve \u00e0 750 m\u00e8tres d&#8217;altitude, mais tr\u00e8s proche de la M\u00e9diterran\u00e9e, ainsi que du parc naturel des Sierras de Tejeda, Almijara et Alhama, qui offrent beaucoup de personnalit\u00e9 \u00e0 leur vin.<\/p>\n\n\n\n<p class=\"wp-block-paragraph\">Donc, si vous d\u00e9cidez de choisir leurs visites guid\u00e9es en plus d&#8217;un vignoble spectaculaire, vous pourrez profiter du magnifique paysage axarquique et de tout cela avec une d\u00e9gustation o\u00f9 vous pourrez choisir entre le luxe de base, le luxe VIP et le luxe. Que voulez-vous de plus?<\/p>\n\n\n\n<p class=\"wp-block-paragraph\">Les visites et les activit\u00e9s sont propos\u00e9es uniquement sur rendez-vous.<\/p>\n\n\n\n<p class=\"wp-block-paragraph\">29715 Sedella, M\u00e1laga<br>Tel: +34 687 46 30 82<br><a class=\"btn location\" href=\"https:\/\/goo.gl\/maps\/fKqbrfCqEHWTA6fH7\" target=\"_blank\" rel=\"noopener\">Google Maps<\/a><\/p>\n\n\n\n<p class=\"wp-block-paragraph\">&nbsp;<\/p>\n\n\n\n<h3 class=\"wp-block-heading\"><strong>Bodegas M\u00e1laga Virgen<\/strong><\/h3>\n\n\n\n<p class=\"wp-block-paragraph\">M\u00e1laga Virgen est l\u2019une des plus anciennes caves de M\u00e1laga. Dans son domaine Finca Vistahermosa, elle produit des vins doux et secs de l\u2019AOP M\u00e1laga, des vins tranquilles de l\u2019AOP Sierras de M\u00e1laga, des vins aromatis\u00e9s et des brandys. Elle organise \u00e9galement des visites et des d\u00e9gustations sur r\u00e9servation.<\/p>\n\n\n\n<p class=\"wp-block-paragraph\">A-92 km 132, Finca Vistahermosa, 29520 Fuente de Piedra, M\u00e1laga<br>Tel: +34 952 31 94 54<br><a class=\"btn location\" href=\"https:\/\/goo.gl\/maps\/kZDte2uiLPCD3DTUA\" target=\"_blank\" rel=\"noopener\">Google Maps<\/a><\/p>\n\n\n\n<p class=\"wp-block-paragraph\">&nbsp;<\/p>\n\n\n\n<p class=\"wp-block-paragraph\">&nbsp;<\/p>\n\n\n\n<figure class=\"wp-block-image\"><img decoding=\"async\" src=\"https:\/\/blog.fuerte-group.com\/wp-content\/uploads\/2018\/05\/wine-tourism-malaga-2.jpg\" alt=\"Wine tourism M\u00e1laga\"\/><\/figure>\n\n\n\n<p class=\"wp-block-paragraph\"><\/p>\n\n\n\n<p class=\"wp-block-paragraph\">&nbsp;<\/p>\n\n\n\n<h3 class=\"wp-block-heading\"><strong>Bodega&nbsp;<\/strong><strong>Descalzos Viejos&nbsp; (Ronda)<\/strong><\/h3>\n\n\n\n<p class=\"wp-block-paragraph\">Cette cave est l&#8217;une des plus belles d&#8217;Andalousie, elle est situ\u00e9e dans un ancien couvent trinitaire du XVIe si\u00e8cle, mais elle a \u00e9t\u00e9 r\u00e9habilit\u00e9e \u00e0 la fin du si\u00e8cle dernier et gr\u00e2ce \u00e0 cela, vous pourrez profiter des diff\u00e9rents espaces du couvent pour le plaisir de ceux qui visitent cette cave. Mais ce n&#8217;est qu&#8217;un ajout fantastique, car la chose principale est que dans cette cave, vous pourrez d\u00e9guster des vins fantastiques. Veuillez noter que les visites doivent \u00eatre r\u00e9serv\u00e9es \u00e0 l\u2019avance et se d\u00e9roulent en petits groupes. Il est conseill\u00e9 de consulter le programme, les horaires et les conditions avant de vous y rendre.<\/p>\n\n\n\n<p class=\"wp-block-paragraph\">29400 Ronda, Province of M\u00e1laga<br>web: www.descalzosviejos.com<br>Tel: +34 952 874 696<\/p>\n\n\n\n<p class=\"wp-block-paragraph\"><a class=\"btn location\" href=\"https:\/\/goo.gl\/maps\/vJQfhscvy852\" target=\"_blank\" rel=\"noopener\">Google Maps<\/a><\/p>\n\n\n\n<p class=\"wp-block-paragraph\">&nbsp;<\/p>\n\n\n\n<h3 class=\"wp-block-heading\"><strong>Bodega Jorge Ordo\u00f1ez (V\u00e9lez M\u00e1laga)<\/strong><\/h3>\n\n\n\n<p class=\"wp-block-paragraph\">Fond\u00e9e en 2004, cette cave poss\u00e8de d\u00e9j\u00e0 un palmar\u00e8s remarquable. Son vin doux de M\u00e1laga, N\u00ba 2 Victoria, a \u00e9t\u00e9 servi lors de la c\u00e9l\u00e9bration du 88e anniversaire de la reine \u00c9lisabeth II ainsi qu\u2019au banquet des prix Nobel de 2012. Si vous souhaitez visiter la cave, il est conseill\u00e9 de la contacter au pr\u00e9alable afin de conna\u00eetre les conditions de visite.<\/p>\n\n\n\n<p class=\"wp-block-paragraph\">C. Julio Romero de Torres, 12, 29700 V\u00e9lez-M\u00e1laga, M\u00e1laga<br>web: www.jorgeordonez.es<br>Tel: +34 952 504 706<\/p>\n\n\n\n<p class=\"wp-block-paragraph\"><a class=\"btn location\" href=\"https:\/\/maps.app.goo.gl\/GGe6jzm2o1cL2utU6\" target=\"_blank\" rel=\"noopener\">Google Maps<\/a><\/p>\n\n\n\n<p class=\"wp-block-paragraph\">&nbsp;<\/p>\n\n\n\n<h3 class=\"wp-block-heading\"><strong>Bodega Do\u00f1a Felisa (Ronda)<\/strong><\/h3>\n\n\n\n<p class=\"wp-block-paragraph\">Bodega Do\u00f1a Felisa est une entreprise familiale fond\u00e9e en 1999 par Jos\u00e9 Mar\u00eda Losantos et Gema Alonso. Elle se trouve dans le domaine de Chinchilla, au c\u0153ur de la Serran\u00eda de Ronda. Ses vignobles, cultiv\u00e9s \u00e0 environ 850 m\u00e8tres d\u2019altitude, donnent naissance \u00e0 une s\u00e9lection vari\u00e9e de vins rouges, blancs, ros\u00e9s, doux et effervescents. La propri\u00e9t\u00e9 propose des d\u00e9gustations, des visites guid\u00e9es des vignobles et des installations de vinification, ainsi que des exp\u00e9riences autour d\u2019accords avec des produits locaux. Toutes les activit\u00e9s sont accessibles sur r\u00e9servation pr\u00e9alable.<\/p>\n\n\n\n<p class=\"wp-block-paragraph\">Cordel del Puerto al Quejigal, s\/n, 29400 Ronda, M\u00e1laga<br>web: www.bodegadonafelisa.com<br>Tel: +34 951 166 033<\/p>\n\n\n\n<p class=\"wp-block-paragraph\"><a class=\"btn location\" href=\"https:\/\/maps.app.goo.gl\/y783hC8o241UsTe27\" target=\"_blank\" rel=\"noopener\">Google Maps<\/a><\/p>\n\n\n\n<p class=\"wp-block-paragraph\">&nbsp;<\/p>\n\n\n\n<h2 class=\"wp-block-heading\">Mus\u00e9e du vin<\/h2>\n\n\n\n<p class=\"wp-block-paragraph\">&nbsp;<\/p>\n\n\n\n<figure class=\"wp-block-image\"><img decoding=\"async\" src=\"https:\/\/blog.fuerte-group.com\/wp-content\/uploads\/2016\/01\/museo-del-vino-malaga.jpg\" alt=\"Mus\u00e9e du vin de M\u00e1laga \u00a0- Editorial credit: Kiev.Victor \/ Shutterstock.com\"\/><\/figure>\n\n\n\n<p class=\"wp-block-paragraph\"><\/p>\n\n\n\n<p class=\"wp-block-paragraph\">&nbsp;<\/p>\n\n\n\n<p class=\"wp-block-paragraph\">Le mus\u00e9e du vin de M\u00e1laga est situ\u00e9 dans le palais de Biedmas, dans la vieille ville. Il est n\u00e9 dans l&#8217;intention de proposer aux visiteurs un parcours \u00e0 travers l&#8217;histoire et la culture viticole de la province, tout en permettant de go\u00fbter toutes les vari\u00e9t\u00e9s qui sont produites ici. Ce mus\u00e9e est un point de rencontre pour les amateurs de vin, car il compte environ 400 objets en relation, allant des \u00e9tiquettes de bouteilles et affiches de publicit\u00e9 pour vin et raisins secs, tout cela en passant par &#8220;Cabeceros de tonneaux&#8221;, de la gainerie et pierres lithographiques.<\/p>\n\n\n\n<p class=\"wp-block-paragraph\">Museo del Vino-M\u00e1laga<br>Plaza de los Vi\u00f1eros, 1, 29008 M\u00e1laga\u2019<br>Tel: +34 952 22 79 90<br><a class=\"btn location\" href=\"https:\/\/goo.gl\/maps\/FVJNT765sRcKEP7f7\" target=\"_blank\" rel=\"noopener\">Google Maps<\/a><\/p>\n\n\n\n<p class=\"wp-block-paragraph\">&nbsp;<\/p>\n\n\n\n<h2 class=\"wp-block-heading\"><strong>Conseils et suggestions pour visiter les bars \u00e0 vin de Marbella et Malaga<\/strong><\/h2>\n\n\n\n<p class=\"wp-block-paragraph\">&nbsp;<\/p>\n\n\n\n<figure class=\"wp-block-image\"><img decoding=\"async\" src=\"https:\/\/blog.fuerte-group.com\/wp-content\/uploads\/2019\/05\/andalucian-wine.jpg\" alt=\"Andalucian wines\"\/><\/figure>\n\n\n\n<p class=\"wp-block-paragraph\"><\/p>\n\n\n\n<p class=\"wp-block-paragraph\">&nbsp;<\/p>\n\n\n\n<p class=\"wp-block-paragraph\">Visiter les bars \u00e0 vin de Marbella et Malaga est une excellente fa\u00e7on de d\u00e9couvrir la richesse viticole de la province. Pour profiter pleinement de l\u2019exp\u00e9rience et choisir des vins adapt\u00e9s \u00e0 vos go\u00fbts, suivez ces quelques recommandations.<\/p>\n\n\n\n<ul class=\"wp-block-list\">\n<li><strong>Commencez par les vins de Malaga :<\/strong> demandez \u00e0 d\u00e9couvrir des r\u00e9f\u00e9rences issues des appellations d\u2019origine M\u00e1laga et Sierras de M\u00e1laga. Outre les traditionnels vins doux \u00e9labor\u00e9s \u00e0 partir de Moscatel ou de Pedro Xim\u00e9nez, vous trouverez \u00e9galement des vins blancs, ros\u00e9s et rouges provenant de r\u00e9gions comme l\u2019Axarqu\u00eda, Manilva ou la Serran\u00eda de Ronda.<\/li>\n\n\n\n<li><strong>Demandez conseil au personnel :<\/strong> nul besoin d\u2019\u00eatre un grand connaisseur pour appr\u00e9cier un bon verre de vin. Expliquez les saveurs que vous aimez, le budget dont vous disposez ou le plat que vous souhaitez commander. Le sommelier ou le personnel du bar \u00e0 vin pourra vous aider \u00e0 faire le meilleur choix.<\/li>\n\n\n\n<li><strong>Go\u00fbtez diff\u00e9rents vins au verre :<\/strong> de nombreux \u00e9tablissements proposent une large s\u00e9lection de r\u00e9f\u00e9rences servies au verre. C\u2019est une excellente occasion de comparer les c\u00e9pages, les domaines et les r\u00e9gions viticoles sans avoir \u00e0 commander une bouteille enti\u00e8re.<\/li>\n\n\n\n<li><strong>Accompagnez votre vin de produits locaux :<\/strong> compl\u00e9tez l\u2019exp\u00e9rience avec des tapas \u00e0 base de jambon ib\u00e9rique, de fromages andalous, d\u2019anchois, de friture de poisson, de conserves ou de produits de saison. Demandez quel accord le bar \u00e0 vin recommande avec le vin choisi.<\/li>\n<\/ul>\n\n\n\n<p class=\"wp-block-paragraph\">&nbsp;<\/p>\n\n\n\n<figure class=\"wp-block-image\"><img decoding=\"async\" src=\"https:\/\/blog.fuerte-group.com\/wp-content\/uploads\/2019\/05\/tapas-and-wine.jpg\" alt=\"Tapas and wine\"\/><\/figure>\n\n\n\n<p class=\"wp-block-paragraph\"><\/p>\n\n\n\n<p class=\"wp-block-paragraph\">&nbsp;<\/p>\n\n\n\n<ul class=\"wp-block-list\">\n<li><strong>R\u00e9servez les d\u00e9gustations \u00e0 l\u2019avance :<\/strong> certains \u00e9tablissements organisent des d\u00e9gustations comment\u00e9es, des pr\u00e9sentations de domaines et des d\u00eeners avec accords mets-vins. Les places \u00e9tant souvent limit\u00e9es, mieux vaut consulter le programme et r\u00e9server avant votre visite.<\/li>\n\n\n\n<li><strong>Consultez la carte et les prix :<\/strong> le tarif peut varier consid\u00e9rablement selon le domaine, le mill\u00e9sime ou la m\u00e9thode d\u2019\u00e9laboration. V\u00e9rifiez le prix au verre ou \u00e0 la bouteille et demandez si la d\u00e9gustation comprend des amuse-bouches, des accords mets-vins ou les explications d\u2019un sp\u00e9cialiste.<\/li>\n\n\n\n<li><strong>Ne vous limitez pas aux \u00e9tiquettes les plus connues :<\/strong> outre les grandes maisons, de nombreux bars \u00e0 vin travaillent avec de petits producteurs et proposent des cuv\u00e9es produites en quantit\u00e9 limit\u00e9e. Laissez-vous conseiller et profitez de votre visite pour d\u00e9couvrir des r\u00e9f\u00e9rences difficiles \u00e0 trouver dans d\u2019autres \u00e9tablissements.<\/li>\n\n\n\n<li><strong>V\u00e9rifiez les horaires et les \u00e9v\u00e9nements :<\/strong> certains bars \u00e0 vin adaptent leurs horaires en fonction de la saison et peuvent organiser des concerts, des rencontres avec des vignerons ou des \u00e9v\u00e9nements priv\u00e9s. Consultez les informations les plus r\u00e9centes avant de vous d\u00e9placer.<\/li>\n\n\n\n<li><strong>Prenez le temps de savourer :<\/strong> d\u00e9gustez chaque vin tranquillement, buvez de l\u2019eau entre les verres et accompagnez la d\u00e9gustation de quelque chose \u00e0 manger. Si vous pr\u00e9voyez de boire, privil\u00e9giez les transports en commun, un taxi ou un VTC.<\/li>\n<\/ul>\n\n\n\n<p class=\"wp-block-paragraph\">&nbsp;<\/p>\n\n\n\n<p class=\"wp-block-paragraph\"><strong><a href=\"https:\/\/www.amarehotels.com\/fr\/blog\/oenotourisme\/\">M\u00e1laga, le joyau \u00e0 d\u00e9couvrir par les amateurs de vin<\/a><\/strong><\/p>\n\n\n\n<p class=\"wp-block-paragraph\">&nbsp;<\/p>\n\n\n\n<h2 class=\"wp-block-heading\"><strong>O\u00f9 s\u00e9journer ?<\/strong><\/h2>\n\n\n\n<p class=\"wp-block-paragraph\">&nbsp;<\/p>\n\n\n\n<figure class=\"wp-block-image\"><img decoding=\"async\" src=\"https:\/\/blog.fuerte-group.com\/wp-content\/uploads\/2022\/06\/amare-beach-hotel-marbella-pool.jpg\" alt=\"Am\u00e0re Beach Hotel Marbella\"\/><\/figure>\n\n\n\n<p class=\"wp-block-paragraph\"><\/p>\n\n\n\n<p class=\"wp-block-paragraph\">&nbsp;<\/p>\n\n\n\n<p class=\"wp-block-paragraph\">L&#8217;\u0153notourisme \u00e0 Malaga est l&#8217;une des exp\u00e9riences les plus populaires de ces derni\u00e8res ann\u00e9es et si vous d\u00e9cidez de parcourir la route des vins ou de visiter certains des vignobles de la province, vous finirez probablement la journ\u00e9e fatigu\u00e9. C&#8217;est pourquoi<a href=\"https:\/\/www.amarehotels.com\/fr\/amare-marbella\/\"><strong> Amar\u00e9 Beach Hotele Marbella<\/strong><\/a> est un h\u00f4tel o\u00f9 vous pourrez terminer la journ\u00e9e compl\u00e8tement d\u00e9tendu et passer une nuit de repos absolu puisqu&#8217;il est recommand\u00e9 aux adultes. De plus, pour vous rendre dans l&#8217;un des vignobles de la province, vous devrez prendre la voiture, afin de pouvoir vous rendre facilement \u00e0 n&#8217;importe laquelle de vos destinations depuis Am\u00e0re. Profitez de l\u2019\u0153notourisme de Malaga et du confort, des soins et de la d\u00e9tente \u00e0 Am\u00e0re Beach Marbella.<\/p>\n\n\n\n<p class=\"wp-block-paragraph\">&nbsp;<\/p>\n\n\n\n<p class=\"wp-block-paragraph\">&nbsp;<\/p>\n\n\n\n<p class=\"wp-block-paragraph\"><\/p>\n","protected":false},"excerpt":{"rendered":"<p>L&#8217;oenotourisme sur la Costa del Sol cache une multitude de secrets et offre par cons\u00e9quent un large \u00e9ventail d&#8217;options allant [&hellip;]<\/p>\n","protected":false},"author":5,"featured_media":1514,"comment_status":"open","ping_status":"open","sticky":false,"template":"","format":"standard","meta":{"_acf_changed":false,"site-sidebar-layout":"default","site-content-layout":"","ast-site-content-layout":"default","site-content-style":"default","site-sidebar-style":"default","ast-global-header-display":"","ast-banner-title-visibility":"","ast-main-header-display":"","ast-hfb-above-header-display":"","ast-hfb-below-header-display":"","ast-hfb-mobile-header-display":"","site-post-title":"","ast-breadcrumbs-content":"","ast-featured-img":"","footer-sml-layout":"","theme-transparent-header-meta":"","adv-header-id-meta":"","stick-header-meta":"","header-above-stick-meta":"","header-main-stick-meta":"","header-below-stick-meta":"","astra-migrate-meta-layouts":"default","ast-page-background-enabled":"default","ast-page-background-meta":{"desktop":{"background-color":"var(--ast-global-color-5)","background-image":"","background-repeat":"repeat","background-position":"center center","background-size":"auto","background-attachment":"scroll","background-type":"","background-media":"","overlay-type":"","overlay-color":"","overlay-opacity":"","overlay-gradient":""},"tablet":{"background-color":"","background-image":"","background-repeat":"repeat","background-position":"center center","background-size":"auto","background-attachment":"scroll","background-type":"","background-media":"","overlay-type":"","overlay-color":"","overlay-opacity":"","overlay-gradient":""},"mobile":{"background-color":"","background-image":"","background-repeat":"repeat","background-position":"center center","background-size":"auto","background-attachment":"scroll","background-type":"","background-media":"","overlay-type":"","overlay-color":"","overlay-opacity":"","overlay-gradient":""}},"ast-content-background-meta":{"desktop":{"background-color":"var(--ast-global-color-4)","background-image":"","background-repeat":"repeat","background-position":"center center","background-size":"auto","background-attachment":"scroll","background-type":"","background-media":"","overlay-type":"","overlay-color":"","overlay-opacity":"","overlay-gradient":""},"tablet":{"background-color":"var(--ast-global-color-4)","background-image":"","background-repeat":"repeat","background-position":"center center","background-size":"auto","background-attachment":"scroll","background-type":"","background-media":"","overlay-type":"","overlay-color":"","overlay-opacity":"","overlay-gradient":""},"mobile":{"background-color":"var(--ast-global-color-4)","background-image":"","background-repeat":"repeat","background-position":"center center","background-size":"auto","background-attachment":"scroll","background-type":"","background-media":"","overlay-type":"","overlay-color":"","overlay-opacity":"","overlay-gradient":""}},"footnotes":""},"categories":[183,187],"tags":[228,225],"hotel":[251,259],"class_list":["post-8768","post","type-post","status-publish","format-standard","has-post-thumbnail","hentry","category-blog-3","category-vie-nocturne","tag-boissons","tag-loisirs","hotel-amare-hotels-fr","hotel-el-fuerte-marbella-fr"],"acf":[],"yoast_head":"<!-- This site is optimized with the Yoast SEO plugin v26.4 - https:\/\/yoast.com\/wordpress\/plugins\/seo\/ -->\n<title>Bars \u00e0 vins \u00e0 Marbella et oenotourisme sur la Costa del Sol<\/title>\n<meta name=\"description\" content=\"D\u00e9couvrez les meilleures caves \u00e0 vin de Marbella et M\u00e1laga, des domaines \u00e0 visiter, des vins locaux et des conseils d\u2019\u0153notourisme.\" \/>\n<meta name=\"robots\" content=\"index, follow, max-snippet:-1, max-image-preview:large, max-video-preview:-1\" \/>\n<link rel=\"canonical\" href=\"https:\/\/blog.fuerte-group.com\/fr\/vinotheques-costa-del-sol\/\" \/>\n<meta property=\"og:locale\" content=\"fr_FR\" \/>\n<meta property=\"og:type\" content=\"article\" \/>\n<meta property=\"og:title\" content=\"Bars \u00e0 vins \u00e0 Marbella et oenotourisme sur la Costa del Sol\" \/>\n<meta property=\"og:description\" content=\"D\u00e9couvrez les meilleures caves \u00e0 vin de Marbella et M\u00e1laga, des domaines \u00e0 visiter, des vins locaux et des conseils d\u2019\u0153notourisme.\" \/>\n<meta property=\"og:url\" content=\"https:\/\/blog.fuerte-group.com\/fr\/vinotheques-costa-del-sol\/\" \/>\n<meta property=\"og:site_name\" content=\"Blog - Fuerte Group Hotels\" \/>\n<meta property=\"article:published_time\" content=\"2026-08-19T05:19:33+00:00\" \/>\n<meta property=\"article:modified_time\" content=\"2026-08-19T05:19:46+00:00\" \/>\n<meta property=\"og:image\" content=\"https:\/\/blog.fuerte-group.com\/wp-content\/uploads\/2025\/10\/wine-bars-marbella.jpg\" \/>\n\t<meta property=\"og:image:width\" content=\"1000\" \/>\n\t<meta property=\"og:image:height\" content=\"600\" \/>\n\t<meta property=\"og:image:type\" content=\"image\/jpeg\" \/>\n<meta name=\"author\" content=\"Fuerte Group\" \/>\n<meta name=\"twitter:card\" content=\"summary_large_image\" \/>\n<meta name=\"twitter:label1\" content=\"\u00c9crit par\" \/>\n\t<meta name=\"twitter:data1\" content=\"Fuerte Group\" \/>\n\t<meta name=\"twitter:label2\" content=\"Dur\u00e9e de lecture estim\u00e9e\" \/>\n\t<meta name=\"twitter:data2\" content=\"14 minutes\" \/>\n<script type=\"application\/ld+json\" class=\"yoast-schema-graph\">{\"@context\":\"https:\/\/schema.org\",\"@graph\":[{\"@type\":[\"Article\",\"BlogPosting\"],\"@id\":\"https:\/\/blog.fuerte-group.com\/fr\/vinotheques-costa-del-sol\/#article\",\"isPartOf\":{\"@id\":\"https:\/\/blog.fuerte-group.com\/fr\/vinotheques-costa-del-sol\/\"},\"author\":{\"name\":\"Fuerte Group\",\"@id\":\"https:\/\/blog.fuerte-group.com\/fr\/#\/schema\/person\/2dbca6937e0807c084d3b91d5e45de9d\"},\"headline\":\"Les meilleures Bars \u00e0 vins de la Costa del Sol\",\"datePublished\":\"2026-08-19T05:19:33+00:00\",\"dateModified\":\"2026-08-19T05:19:46+00:00\",\"mainEntityOfPage\":{\"@id\":\"https:\/\/blog.fuerte-group.com\/fr\/vinotheques-costa-del-sol\/\"},\"wordCount\":2708,\"commentCount\":0,\"publisher\":{\"@id\":\"https:\/\/blog.fuerte-group.com\/fr\/#organization\"},\"image\":{\"@id\":\"https:\/\/blog.fuerte-group.com\/fr\/vinotheques-costa-del-sol\/#primaryimage\"},\"thumbnailUrl\":\"https:\/\/blog.fuerte-group.com\/wp-content\/uploads\/2025\/10\/wine-bars-marbella.jpg\",\"keywords\":[\"Boissons\",\"Loisirs\"],\"articleSection\":[\"blog\",\"Vie Nocturne\"],\"inLanguage\":\"fr-FR\",\"potentialAction\":[{\"@type\":\"CommentAction\",\"name\":\"Comment\",\"target\":[\"https:\/\/blog.fuerte-group.com\/fr\/vinotheques-costa-del-sol\/#respond\"]}]},{\"@type\":\"WebPage\",\"@id\":\"https:\/\/blog.fuerte-group.com\/fr\/vinotheques-costa-del-sol\/\",\"url\":\"https:\/\/blog.fuerte-group.com\/fr\/vinotheques-costa-del-sol\/\",\"name\":\"Bars \u00e0 vins \u00e0 Marbella et oenotourisme sur la Costa del Sol\",\"isPartOf\":{\"@id\":\"https:\/\/blog.fuerte-group.com\/fr\/#website\"},\"primaryImageOfPage\":{\"@id\":\"https:\/\/blog.fuerte-group.com\/fr\/vinotheques-costa-del-sol\/#primaryimage\"},\"image\":{\"@id\":\"https:\/\/blog.fuerte-group.com\/fr\/vinotheques-costa-del-sol\/#primaryimage\"},\"thumbnailUrl\":\"https:\/\/blog.fuerte-group.com\/wp-content\/uploads\/2025\/10\/wine-bars-marbella.jpg\",\"datePublished\":\"2026-08-19T05:19:33+00:00\",\"dateModified\":\"2026-08-19T05:19:46+00:00\",\"description\":\"D\u00e9couvrez les meilleures caves \u00e0 vin de Marbella et M\u00e1laga, des domaines \u00e0 visiter, des vins locaux et des conseils d\u2019\u0153notourisme.\",\"breadcrumb\":{\"@id\":\"https:\/\/blog.fuerte-group.com\/fr\/vinotheques-costa-del-sol\/#breadcrumb\"},\"inLanguage\":\"fr-FR\",\"potentialAction\":[{\"@type\":\"ReadAction\",\"target\":[\"https:\/\/blog.fuerte-group.com\/fr\/vinotheques-costa-del-sol\/\"]}]},{\"@type\":\"ImageObject\",\"inLanguage\":\"fr-FR\",\"@id\":\"https:\/\/blog.fuerte-group.com\/fr\/vinotheques-costa-del-sol\/#primaryimage\",\"url\":\"https:\/\/blog.fuerte-group.com\/wp-content\/uploads\/2025\/10\/wine-bars-marbella.jpg\",\"contentUrl\":\"https:\/\/blog.fuerte-group.com\/wp-content\/uploads\/2025\/10\/wine-bars-marbella.jpg\",\"width\":1000,\"height\":600},{\"@type\":\"BreadcrumbList\",\"@id\":\"https:\/\/blog.fuerte-group.com\/fr\/vinotheques-costa-del-sol\/#breadcrumb\",\"itemListElement\":[{\"@type\":\"ListItem\",\"position\":1,\"name\":\"Portada\",\"item\":\"https:\/\/blog.fuerte-group.com\/fr\/\"},{\"@type\":\"ListItem\",\"position\":2,\"name\":\"Les meilleures Bars \u00e0 vins de la Costa del Sol\"}]},{\"@type\":\"WebSite\",\"@id\":\"https:\/\/blog.fuerte-group.com\/fr\/#website\",\"url\":\"https:\/\/blog.fuerte-group.com\/fr\/\",\"name\":\"Blog - Fuerte Group Hotels\",\"description\":\"Blog Andalucia e Ibiza - Fuerte Group Hotels\",\"publisher\":{\"@id\":\"https:\/\/blog.fuerte-group.com\/fr\/#organization\"},\"alternateName\":\"blog-fgh\",\"potentialAction\":[{\"@type\":\"SearchAction\",\"target\":{\"@type\":\"EntryPoint\",\"urlTemplate\":\"https:\/\/blog.fuerte-group.com\/fr\/?s={search_term_string}\"},\"query-input\":{\"@type\":\"PropertyValueSpecification\",\"valueRequired\":true,\"valueName\":\"search_term_string\"}}],\"inLanguage\":\"fr-FR\"},{\"@type\":\"Organization\",\"@id\":\"https:\/\/blog.fuerte-group.com\/fr\/#organization\",\"name\":\"Fuerte Group S.L.\",\"alternateName\":\"Fuerte Group S.L.\",\"url\":\"https:\/\/blog.fuerte-group.com\/fr\/\",\"logo\":{\"@type\":\"ImageObject\",\"inLanguage\":\"fr-FR\",\"@id\":\"https:\/\/blog.fuerte-group.com\/fr\/#\/schema\/logo\/image\/\",\"url\":\"https:\/\/blog.fuerte-group.com\/wp-content\/uploads\/2025\/05\/logo-fuerte-group-blog-naranja-02.svg\",\"contentUrl\":\"https:\/\/blog.fuerte-group.com\/wp-content\/uploads\/2025\/05\/logo-fuerte-group-blog-naranja-02.svg\",\"caption\":\"Fuerte Group S.L.\"},\"image\":{\"@id\":\"https:\/\/blog.fuerte-group.com\/fr\/#\/schema\/logo\/image\/\"}},{\"@type\":\"Person\",\"@id\":\"https:\/\/blog.fuerte-group.com\/fr\/#\/schema\/person\/2dbca6937e0807c084d3b91d5e45de9d\",\"name\":\"Fuerte Group\",\"image\":{\"@type\":\"ImageObject\",\"inLanguage\":\"fr-FR\",\"@id\":\"https:\/\/blog.fuerte-group.com\/fr\/#\/schema\/person\/image\/\",\"url\":\"https:\/\/secure.gravatar.com\/avatar\/1252cf13fd5ebc8ff2eb376323ce749771613b9f6684dd6fcfe90ce1ec0d978b?s=96&d=mm&r=g\",\"contentUrl\":\"https:\/\/secure.gravatar.com\/avatar\/1252cf13fd5ebc8ff2eb376323ce749771613b9f6684dd6fcfe90ce1ec0d978b?s=96&d=mm&r=g\",\"caption\":\"Fuerte Group\"},\"description\":\"Fuerte Group Hotels es la divisi\u00f3n hotelera del Grupo El Fuerte, un grupo empresarial familiar andaluz fundado en 1957 por Jos\u00e9 Luque Manzano. Fuerte Group Hotels se componde de 5 marcas distintas, cada una de ellas con una personalidad propia. Fuerte Hoteles, para toda la familia; Am\u00e0re Hotels, recomendada para adultos; Ol\u00e9e Holiday Rentals, apartamentos vacacionales; El Fuerte Marbella, lujo casual 5 estrellas; y DAIA, hoteles para un descanso \u2018slow beach\u2019.\",\"sameAs\":[\"https:\/\/www.fuerte-group.com\/\"],\"url\":\"https:\/\/blog.fuerte-group.com\/fr\/author\/fuertegroup\/\"}]}<\/script>\n<!-- \/ Yoast SEO plugin. -->","yoast_head_json":{"title":"Bars \u00e0 vins \u00e0 Marbella et oenotourisme sur la Costa del Sol","description":"D\u00e9couvrez les meilleures caves \u00e0 vin de Marbella et M\u00e1laga, des domaines \u00e0 visiter, des vins locaux et des conseils d\u2019\u0153notourisme.","robots":{"index":"index","follow":"follow","max-snippet":"max-snippet:-1","max-image-preview":"max-image-preview:large","max-video-preview":"max-video-preview:-1"},"canonical":"https:\/\/blog.fuerte-group.com\/fr\/vinotheques-costa-del-sol\/","og_locale":"fr_FR","og_type":"article","og_title":"Bars \u00e0 vins \u00e0 Marbella et oenotourisme sur la Costa del Sol","og_description":"D\u00e9couvrez les meilleures caves \u00e0 vin de Marbella et M\u00e1laga, des domaines \u00e0 visiter, des vins locaux et des conseils d\u2019\u0153notourisme.","og_url":"https:\/\/blog.fuerte-group.com\/fr\/vinotheques-costa-del-sol\/","og_site_name":"Blog - Fuerte Group Hotels","article_published_time":"2026-08-19T05:19:33+00:00","article_modified_time":"2026-08-19T05:19:46+00:00","og_image":[{"width":1000,"height":600,"url":"https:\/\/blog.fuerte-group.com\/wp-content\/uploads\/2025\/10\/wine-bars-marbella.jpg","type":"image\/jpeg"}],"author":"Fuerte Group","twitter_card":"summary_large_image","twitter_misc":{"\u00c9crit par":"Fuerte Group","Dur\u00e9e de lecture estim\u00e9e":"14 minutes"},"schema":{"@context":"https:\/\/schema.org","@graph":[{"@type":["Article","BlogPosting"],"@id":"https:\/\/blog.fuerte-group.com\/fr\/vinotheques-costa-del-sol\/#article","isPartOf":{"@id":"https:\/\/blog.fuerte-group.com\/fr\/vinotheques-costa-del-sol\/"},"author":{"name":"Fuerte Group","@id":"https:\/\/blog.fuerte-group.com\/fr\/#\/schema\/person\/2dbca6937e0807c084d3b91d5e45de9d"},"headline":"Les meilleures Bars \u00e0 vins de la Costa del Sol","datePublished":"2026-08-19T05:19:33+00:00","dateModified":"2026-08-19T05:19:46+00:00","mainEntityOfPage":{"@id":"https:\/\/blog.fuerte-group.com\/fr\/vinotheques-costa-del-sol\/"},"wordCount":2708,"commentCount":0,"publisher":{"@id":"https:\/\/blog.fuerte-group.com\/fr\/#organization"},"image":{"@id":"https:\/\/blog.fuerte-group.com\/fr\/vinotheques-costa-del-sol\/#primaryimage"},"thumbnailUrl":"https:\/\/blog.fuerte-group.com\/wp-content\/uploads\/2025\/10\/wine-bars-marbella.jpg","keywords":["Boissons","Loisirs"],"articleSection":["blog","Vie Nocturne"],"inLanguage":"fr-FR","potentialAction":[{"@type":"CommentAction","name":"Comment","target":["https:\/\/blog.fuerte-group.com\/fr\/vinotheques-costa-del-sol\/#respond"]}]},{"@type":"WebPage","@id":"https:\/\/blog.fuerte-group.com\/fr\/vinotheques-costa-del-sol\/","url":"https:\/\/blog.fuerte-group.com\/fr\/vinotheques-costa-del-sol\/","name":"Bars \u00e0 vins \u00e0 Marbella et oenotourisme sur la Costa del Sol","isPartOf":{"@id":"https:\/\/blog.fuerte-group.com\/fr\/#website"},"primaryImageOfPage":{"@id":"https:\/\/blog.fuerte-group.com\/fr\/vinotheques-costa-del-sol\/#primaryimage"},"image":{"@id":"https:\/\/blog.fuerte-group.com\/fr\/vinotheques-costa-del-sol\/#primaryimage"},"thumbnailUrl":"https:\/\/blog.fuerte-group.com\/wp-content\/uploads\/2025\/10\/wine-bars-marbella.jpg","datePublished":"2026-08-19T05:19:33+00:00","dateModified":"2026-08-19T05:19:46+00:00","description":"D\u00e9couvrez les meilleures caves \u00e0 vin de Marbella et M\u00e1laga, des domaines \u00e0 visiter, des vins locaux et des conseils d\u2019\u0153notourisme.","breadcrumb":{"@id":"https:\/\/blog.fuerte-group.com\/fr\/vinotheques-costa-del-sol\/#breadcrumb"},"inLanguage":"fr-FR","potentialAction":[{"@type":"ReadAction","target":["https:\/\/blog.fuerte-group.com\/fr\/vinotheques-costa-del-sol\/"]}]},{"@type":"ImageObject","inLanguage":"fr-FR","@id":"https:\/\/blog.fuerte-group.com\/fr\/vinotheques-costa-del-sol\/#primaryimage","url":"https:\/\/blog.fuerte-group.com\/wp-content\/uploads\/2025\/10\/wine-bars-marbella.jpg","contentUrl":"https:\/\/blog.fuerte-group.com\/wp-content\/uploads\/2025\/10\/wine-bars-marbella.jpg","width":1000,"height":600},{"@type":"BreadcrumbList","@id":"https:\/\/blog.fuerte-group.com\/fr\/vinotheques-costa-del-sol\/#breadcrumb","itemListElement":[{"@type":"ListItem","position":1,"name":"Portada","item":"https:\/\/blog.fuerte-group.com\/fr\/"},{"@type":"ListItem","position":2,"name":"Les meilleures Bars \u00e0 vins de la Costa del Sol"}]},{"@type":"WebSite","@id":"https:\/\/blog.fuerte-group.com\/fr\/#website","url":"https:\/\/blog.fuerte-group.com\/fr\/","name":"Blog - Fuerte Group Hotels","description":"Blog Andalucia e Ibiza - Fuerte Group Hotels","publisher":{"@id":"https:\/\/blog.fuerte-group.com\/fr\/#organization"},"alternateName":"blog-fgh","potentialAction":[{"@type":"SearchAction","target":{"@type":"EntryPoint","urlTemplate":"https:\/\/blog.fuerte-group.com\/fr\/?s={search_term_string}"},"query-input":{"@type":"PropertyValueSpecification","valueRequired":true,"valueName":"search_term_string"}}],"inLanguage":"fr-FR"},{"@type":"Organization","@id":"https:\/\/blog.fuerte-group.com\/fr\/#organization","name":"Fuerte Group S.L.","alternateName":"Fuerte Group S.L.","url":"https:\/\/blog.fuerte-group.com\/fr\/","logo":{"@type":"ImageObject","inLanguage":"fr-FR","@id":"https:\/\/blog.fuerte-group.com\/fr\/#\/schema\/logo\/image\/","url":"https:\/\/blog.fuerte-group.com\/wp-content\/uploads\/2025\/05\/logo-fuerte-group-blog-naranja-02.svg","contentUrl":"https:\/\/blog.fuerte-group.com\/wp-content\/uploads\/2025\/05\/logo-fuerte-group-blog-naranja-02.svg","caption":"Fuerte Group S.L."},"image":{"@id":"https:\/\/blog.fuerte-group.com\/fr\/#\/schema\/logo\/image\/"}},{"@type":"Person","@id":"https:\/\/blog.fuerte-group.com\/fr\/#\/schema\/person\/2dbca6937e0807c084d3b91d5e45de9d","name":"Fuerte Group","image":{"@type":"ImageObject","inLanguage":"fr-FR","@id":"https:\/\/blog.fuerte-group.com\/fr\/#\/schema\/person\/image\/","url":"https:\/\/secure.gravatar.com\/avatar\/1252cf13fd5ebc8ff2eb376323ce749771613b9f6684dd6fcfe90ce1ec0d978b?s=96&d=mm&r=g","contentUrl":"https:\/\/secure.gravatar.com\/avatar\/1252cf13fd5ebc8ff2eb376323ce749771613b9f6684dd6fcfe90ce1ec0d978b?s=96&d=mm&r=g","caption":"Fuerte Group"},"description":"Fuerte Group Hotels es la divisi\u00f3n hotelera del Grupo El Fuerte, un grupo empresarial familiar andaluz fundado en 1957 por Jos\u00e9 Luque Manzano. Fuerte Group Hotels se componde de 5 marcas distintas, cada una de ellas con una personalidad propia. Fuerte Hoteles, para toda la familia; Am\u00e0re Hotels, recomendada para adultos; Ol\u00e9e Holiday Rentals, apartamentos vacacionales; El Fuerte Marbella, lujo casual 5 estrellas; y DAIA, hoteles para un descanso \u2018slow beach\u2019.","sameAs":["https:\/\/www.fuerte-group.com\/"],"url":"https:\/\/blog.fuerte-group.com\/fr\/author\/fuertegroup\/"}]}},"amp_enabled":true,"_links":{"self":[{"href":"https:\/\/blog.fuerte-group.com\/fr\/wp-json\/wp\/v2\/posts\/8768","targetHints":{"allow":["GET"]}}],"collection":[{"href":"https:\/\/blog.fuerte-group.com\/fr\/wp-json\/wp\/v2\/posts"}],"about":[{"href":"https:\/\/blog.fuerte-group.com\/fr\/wp-json\/wp\/v2\/types\/post"}],"author":[{"embeddable":true,"href":"https:\/\/blog.fuerte-group.com\/fr\/wp-json\/wp\/v2\/users\/5"}],"replies":[{"embeddable":true,"href":"https:\/\/blog.fuerte-group.com\/fr\/wp-json\/wp\/v2\/comments?post=8768"}],"version-history":[{"count":9,"href":"https:\/\/blog.fuerte-group.com\/fr\/wp-json\/wp\/v2\/posts\/8768\/revisions"}],"predecessor-version":[{"id":10970,"href":"https:\/\/blog.fuerte-group.com\/fr\/wp-json\/wp\/v2\/posts\/8768\/revisions\/10970"}],"wp:featuredmedia":[{"embeddable":true,"href":"https:\/\/blog.fuerte-group.com\/fr\/wp-json\/wp\/v2\/media\/1514"}],"wp:attachment":[{"href":"https:\/\/blog.fuerte-group.com\/fr\/wp-json\/wp\/v2\/media?parent=8768"}],"wp:term":[{"taxonomy":"category","embeddable":true,"href":"https:\/\/blog.fuerte-group.com\/fr\/wp-json\/wp\/v2\/categories?post=8768"},{"taxonomy":"post_tag","embeddable":true,"href":"https:\/\/blog.fuerte-group.com\/fr\/wp-json\/wp\/v2\/tags?post=8768"},{"taxonomy":"hotel","embeddable":true,"href":"https:\/\/blog.fuerte-group.com\/fr\/wp-json\/wp\/v2\/hotel?post=8768"}],"curies":[{"name":"wp","href":"https:\/\/api.w.org\/{rel}","templated":true}]}}