{"id":8781,"date":"2024-09-25T06:00:16","date_gmt":"2024-09-25T04:00:16","guid":{"rendered":"https:\/\/blog.fuerte-group.com\/marbella-walking-cycling-routes\/"},"modified":"2026-08-18T15:35:18","modified_gmt":"2026-08-18T13:35:18","slug":"marbella-walking-cycling-routes","status":"publish","type":"post","link":"https:\/\/blog.fuerte-group.com\/fr\/marbella-walking-cycling-routes\/","title":{"rendered":"D\u00e9couvrez les meilleures fa\u00e7ons de voyager \u00e0 pied et \u00e0 p\u00e9dale \u00e0 Marbella"},"content":{"rendered":"\n<p class=\"wp-block-paragraph\">Il y a peu de choses plus agr\u00e9ables et relaxantes que le tourisme \u00e0 Marbella et sa situation exceptionnelle \u00e0 cheval entre la mer et les montagnes, la converti en <strong>un endroit id\u00e9al pour ceux qui veulent faire \u00e0 la fois des sentiers de randonn\u00e9e et des pistes cyclables<\/strong>. Marbella a toujours quelque chose \u00e0 offrir pour tout le monde et Marbella est la seule \u00e0 offrir des sites d&#8217;une telle beaut\u00e9 permettant de pratiquer des sports de plein air : les belles plages de la M\u00e9diterran\u00e9e, qui s&#8217;\u00e9tendent au pied de la Sierra Blanca, et le cadre montagneux impressionnant La Concha en arri\u00e8re-plan rend amoureuse tous ceux qui suivent les itin\u00e9raires de trail ou de v\u00e9lo. Marbella rend amoureux pour beaucoup de raisons et les sports de plein air en font partie.<\/p>\n\n\n\n<p class=\"wp-block-paragraph\">&nbsp;<\/p>\n\n\n\n<h2 class=\"wp-block-heading\">Des routes de randonn\u00e9es \u00e0 Marbella<\/h2>\n\n\n\n<p class=\"wp-block-paragraph\">&nbsp;<\/p>\n\n\n\n<figure class=\"wp-block-image size-full\"><img fetchpriority=\"high\" decoding=\"async\" width=\"1000\" height=\"600\" src=\"https:\/\/blog.fuerte-group.com\/wp-content\/uploads\/2024\/09\/senderismo-marbella-la-concha-cartel.jpg\" alt=\"Senderismo Marbella - La Concha cartel\n\" class=\"wp-image-11075\" srcset=\"https:\/\/blog.fuerte-group.com\/wp-content\/uploads\/2024\/09\/senderismo-marbella-la-concha-cartel.jpg 1000w, https:\/\/blog.fuerte-group.com\/wp-content\/uploads\/2024\/09\/senderismo-marbella-la-concha-cartel-300x180.jpg 300w, https:\/\/blog.fuerte-group.com\/wp-content\/uploads\/2024\/09\/senderismo-marbella-la-concha-cartel-768x461.jpg 768w\" sizes=\"(max-width: 1000px) 100vw, 1000px\" \/><\/figure>\n\n\n\n<p class=\"wp-block-paragraph\"><\/p>\n\n\n\n<p class=\"wp-block-paragraph\">Marbella offre un grand nombre d\u2019itin\u00e9raires et de sentiers de diff\u00e9rents niveaux de difficult\u00e9, ce qui en fait une destination id\u00e9ale pour tous les amoureux de la nature. Beaucoup de ces parcours sont balis\u00e9s, m\u00eame si leur niveau de difficult\u00e9 et les caract\u00e9ristiques du terrain varient selon l\u2019itin\u00e9raire. Voici quelques-uns des plus int\u00e9ressants :<\/p>\n\n\n\n<p class=\"wp-block-paragraph\">&nbsp;<\/p>\n\n\n\n<h3 class=\"wp-block-heading\"><strong>Refugio de Juanar \u2013 La Concha<\/strong><\/h3>\n\n\n\n<p class=\"wp-block-paragraph\">&nbsp;<\/p>\n\n\n\n<p class=\"wp-block-paragraph\">Cet itin\u00e9raire part de la finca del Juanar (Oj\u00e9n) et m\u00e8ne vers l\u2019un des sommets les plus int\u00e9ressants de la Sierra Blanca, le c\u00e9l\u00e8bre pic de La Concha. Le sentier Juanar\u2013La Concha PR-A 168 fait environ 7 kilom\u00e8tres \u00e0 l\u2019aller, pour une dur\u00e9e estim\u00e9e \u00e0 environ 3 heures et 30 minutes par trajet. Son niveau de difficult\u00e9 est moyen \u00e0 \u00e9lev\u00e9.<\/p>\n\n\n\n<p class=\"wp-block-paragraph\">Le long de cette route, vous pouvez voir diff\u00e9rents paysages botaniques d&#8217;int\u00e9r\u00eat, comme une grande oliveraie, une \u00e9paisse for\u00eat de pins et une mer de foug\u00e8res. Vous pouvez \u00e9galement voir d&#8217;autres arbres qui se sont bien adapt\u00e9es \u00e0 ces conditions m\u00e9t\u00e9orologiques dans le temps. En ce qui concerne la faune dans la r\u00e9gion il y a de nombreux grands mammif\u00e8res tels que le bouquetin, le renard, le sanglier ou les chevreuils. Abondent aussi les oiseaux de proie, comme l&#8217;aigle, le faucon p\u00e8lerin de Bonelli et l&#8217;Autour des palombes, entre autres.<\/p>\n\n\n\n<p class=\"wp-block-paragraph\">Il convient d\u2019\u00eatre particuli\u00e8rement vigilant \u00e0 certains endroits du parcours, notamment au Salto del Lobo et sur les passages les plus expos\u00e9s \u00e0 proximit\u00e9 de La Concha.<\/p>\n\n\n\n<p class=\"wp-block-paragraph\"><a href=\"http:\/\/www.wikiloc.com\/wikiloc\/view.do?id=12009752\" target=\"_blank\" rel=\"noopener\">Visitez Wikiloc<\/a>, la communaut\u00e9 de partage localisation GPS<\/p>\n\n\n\n<p class=\"wp-block-paragraph\">&nbsp;<\/p>\n\n\n\n<figure class=\"wp-block-image\"><img decoding=\"async\" src=\"https:\/\/blog.fuerte-group.com\/wp-content\/uploads\/2020\/03\/senderismo-marbella.jpg\" alt=\"Senderismo Marbella\"\/><\/figure>\n\n\n\n<p class=\"wp-block-paragraph\"><\/p>\n\n\n\n<p class=\"wp-block-paragraph\">&nbsp;<\/p>\n\n\n\n<h3 class=\"wp-block-heading\"><strong>La Vereda del Faro<\/strong><\/h3>\n\n\n\n<p class=\"wp-block-paragraph\">&nbsp;<\/p>\n\n\n\n<p class=\"wp-block-paragraph\">La Vereda del Faro se trouve dans la Sierra Blanca. Cet itin\u00e9raire circulaire s\u2019\u00e9tend sur 6,3 km et il faut compter environ 3 heures et 20 minutes pour effectuer le parcours complet. Il est toutefois possible de le parcourir \u00e0 un rythme plus tranquille afin de profiter pleinement de chaque recoin du sentier, de sa flore et des paysages qu\u2019il offre.<\/p>\n\n\n\n<p class=\"wp-block-paragraph\">Le circuit offre des paysages magnifiques tels que le Mirador de los Gitanos, le Puerto del Pino ou le Puerto de las Pitas, o\u00f9 il vaut la peine de rester dans le silence et contempler la grandeur de cette montagne.<\/p>\n\n\n\n<p class=\"wp-block-paragraph\"><a href=\"http:\/\/www.wikiloc.com\/wikiloc\/view.do?id=1561962\" target=\"_blank\" rel=\"noopener\">Visitez Wikiloc<\/a>, la communaut\u00e9 de partage localisation GPS<\/p>\n\n\n\n<p class=\"wp-block-paragraph\">&nbsp;<\/p>\n\n\n\n<figure class=\"wp-block-image size-full\"><img decoding=\"async\" width=\"1000\" height=\"600\" src=\"https:\/\/blog.fuerte-group.com\/wp-content\/uploads\/2024\/09\/senderismo-marbella.jpg\" alt=\"Senderismo en Marbella\n\" class=\"wp-image-11083\" srcset=\"https:\/\/blog.fuerte-group.com\/wp-content\/uploads\/2024\/09\/senderismo-marbella.jpg 1000w, https:\/\/blog.fuerte-group.com\/wp-content\/uploads\/2024\/09\/senderismo-marbella-300x180.jpg 300w, https:\/\/blog.fuerte-group.com\/wp-content\/uploads\/2024\/09\/senderismo-marbella-768x461.jpg 768w\" sizes=\"(max-width: 1000px) 100vw, 1000px\" \/><\/figure>\n\n\n\n<p class=\"wp-block-paragraph\"><\/p>\n\n\n\n<h3 class=\"wp-block-heading\"><strong>Ruta del Pozuelo and Viborilla<\/strong><\/h3>\n\n\n\n<p class=\"wp-block-paragraph\">&nbsp;<\/p>\n\n\n\n<p class=\"wp-block-paragraph\">Aussi connu comme le chemin de <strong>Jos\u00e9 Lima<\/strong>, nomm\u00e9 en l&#8217;honneur d&#8217;un garde forestier qui a servi la Sierra depuis de nombreuses ann\u00e9es. Cet itin\u00e9raire est un ancien chemin des chasseurs.<\/p>\n\n\n\n<p class=\"wp-block-paragraph\">La route au d\u00e9but est zigzaguait et est ascendante, mais une fois que le port est atteint, l&#8217;effort est r\u00e9compens\u00e9 avec une vue magnifique et une belle piste, relativement plat suivant la cr\u00eate des montagnes et passe \u00e0 travers une petite for\u00eat de Pinsapo.&nbsp;Il peut \u00eatre parcouru \u00e0 tout moment de l&#8217;ann\u00e9e. Il est recommand\u00e9 de le faire pendant une journ\u00e9e claire afin de profiter de la vue. C&#8217;est un itin\u00e9raire confortable et le long du parcours il est facile d&#8217;observer des sp\u00e9cimens de bouquetins.<\/p>\n\n\n\n<p class=\"wp-block-paragraph\"><a href=\"http:\/\/www.wikiloc.com\/wikiloc\/view.do?id=12040008\" target=\"_blank\" rel=\"noopener\">Visitez Wikiloc<\/a>, la communaut\u00e9 de partage localisation GPS<\/p>\n\n\n\n<p class=\"wp-block-paragraph\">&nbsp;<\/p>\n\n\n\n<p class=\"wp-block-paragraph\">&nbsp;<\/p>\n\n\n\n<h2 class=\"wp-block-heading\"><strong>Itin\u00e9raires cyclables \u00e0 Marbella<\/strong><\/h2>\n\n\n\n<p class=\"wp-block-paragraph\">&nbsp;<\/p>\n\n\n\n<figure class=\"wp-block-image\"><img decoding=\"async\" src=\"https:\/\/blog.fuerte-group.com\/wp-content\/uploads\/2016\/04\/cycling-marbella-2.jpg\" alt=\"Itin\u00e9raires cyclables \u00e0 Marbella\" title=\"Itin\u00e9raires cyclables \u00e0 Marbella\"\/><\/figure>\n\n\n\n<p class=\"wp-block-paragraph\"><\/p>\n\n\n\n<p class=\"wp-block-paragraph\">&nbsp;<\/p>\n\n\n\n<p class=\"wp-block-paragraph\">Si vous vous approchez de Marbella n&#8217;h\u00e9sitez pas \u00e0 envisager la possibilit\u00e9 de louer votre propre v\u00e9lo, une mani\u00e8re saine pour visiter et id\u00e9al pour l&#8217;exercice si vous \u00eates un fan de ce sport. D\u00e9couvrez avec nous trois itin\u00e9raires qui vous surprendront:<\/p>\n\n\n\n<p class=\"wp-block-paragraph\">&nbsp;<\/p>\n\n\n\n<h3 class=\"wp-block-heading\"><strong>Subida al Juanar<\/strong><\/h3>\n\n\n\n<p class=\"wp-block-paragraph\">&nbsp;<\/p>\n\n\n\n<p class=\"wp-block-paragraph\">L&#8217;une d&#8217;elles est la mont\u00e9e de Marbella vers El Refugio Juanar. La route est longue de 34 kilom\u00e8tres et se parcour en deux heures. Le point de d\u00e9part est \u00e0 Padre Paco Ostos \u00e0 c\u00f4t\u00e9 de la gare routi\u00e8re de Marbella. Le paysage de cet environnement vous surprendra.<\/p>\n\n\n\n<p class=\"wp-block-paragraph\">Sur cette route, vous pouvez profiter de la vue d&#8217;une grande for\u00eat m\u00e9diterran\u00e9enne de ch\u00eanes, de ch\u00eanes-li\u00e8ges, de ch\u00eanes, de pins, agaves et cactus, qui se prolongent vers le bord de la route. En ce qui concerne la faune pr\u00e9sente dans la r\u00e9gion, on peut notamment observer le bouquetin ib\u00e9rique, l\u2019une des esp\u00e8ces les plus embl\u00e9matiques de la Sierra Blanca, ainsi que l\u2019aigle royal.<\/p>\n\n\n\n<p class=\"wp-block-paragraph\">Une fois arriv\u00e9 \u00e0 destination, vous pouvez vous rendre au Mirador del Macho Mont\u00e9s, accessible par une large piste en terre. De l\u00e0, vous pourrez admirer la mer M\u00e9diterran\u00e9e et Marbella en contrebas, ainsi qu\u2019un monument d\u00e9di\u00e9 au bouquetin ib\u00e9rique.<\/p>\n\n\n\n<p class=\"wp-block-paragraph\"><a href=\"http:\/\/www.wikiloc.com\/wikiloc\/view.do?id=11236880\" target=\"_blank\" rel=\"noopener\">Visitez Wikiloc<\/a>, la communaut\u00e9 de partage localisation GPS<\/p>\n\n\n\n<p class=\"wp-block-paragraph\">&nbsp;<\/p>\n\n\n\n<figure class=\"wp-block-image\"><img decoding=\"async\" src=\"https:\/\/blog.fuerte-group.com\/wp-content\/uploads\/2020\/03\/promenade-marbella-2.jpg\" alt=\"Marbella Promenade\"\/><\/figure>\n\n\n\n<p class=\"wp-block-paragraph\"><\/p>\n\n\n\n<p class=\"wp-block-paragraph\">&nbsp;<\/p>\n\n\n\n<h3 class=\"wp-block-heading\"><strong>Marbella &#8211; San Pedro Alc\u00e1ntara<\/strong><\/h3>\n\n\n\n<p class=\"wp-block-paragraph\">&nbsp;<\/p>\n\n\n\n<p class=\"wp-block-paragraph\">La promenade maritime permet de parcourir une grande partie du littoral entre Marbella et San Pedro Alc\u00e1ntara, en passant par Puerto Ban\u00fas. Si vous effectuez le parcours \u00e0 v\u00e9lo, sachez que la circulation des v\u00e9los est r\u00e9glement\u00e9e sur certains tron\u00e7ons et peut faire l\u2019objet de restrictions. Il est donc conseill\u00e9 de respecter la signalisation en place. Si ce que vous \u00eates recherchez est une route de campagne paisible en bord de mer, rien de mieux que cette option. De plus, vous pourrez profiter de ce parcours en obsevant la mer depuis votre v\u00e9lo \u00e0 tout moment.<\/p>\n\n\n\n<p class=\"wp-block-paragraph\"><a href=\"http:\/\/www.wikiloc.com\/wikiloc\/view.do?id=5238250\" target=\"_blank\" rel=\"noopener\">Visitez Wikiloc<\/a>, la communaut\u00e9 de partage localisation GPS<\/p>\n\n\n\n<p class=\"wp-block-paragraph\">&nbsp;<\/p>\n\n\n\n<figure class=\"wp-block-image size-full\"><img decoding=\"async\" width=\"1000\" height=\"600\" src=\"https:\/\/blog.fuerte-group.com\/wp-content\/uploads\/2024\/09\/istan-embalse.jpg\" alt=\"embalse de Ist\u00e1n\" class=\"wp-image-11094\" srcset=\"https:\/\/blog.fuerte-group.com\/wp-content\/uploads\/2024\/09\/istan-embalse.jpg 1000w, https:\/\/blog.fuerte-group.com\/wp-content\/uploads\/2024\/09\/istan-embalse-300x180.jpg 300w, https:\/\/blog.fuerte-group.com\/wp-content\/uploads\/2024\/09\/istan-embalse-768x461.jpg 768w\" sizes=\"(max-width: 1000px) 100vw, 1000px\" \/><\/figure>\n\n\n\n<p class=\"wp-block-paragraph\"><\/p>\n\n\n\n<h3 class=\"wp-block-heading\"><strong>San Pedro Alc\u00e1ntara &#8211; Ist\u00e1n &#8211; R\u00edo Verde<\/strong><\/h3>\n\n\n\n<p class=\"wp-block-paragraph\">&nbsp;<\/p>\n\n\n\n<p class=\"wp-block-paragraph\">Cet itin\u00e9raire s\u2019\u00e9tend sur environ 65 kilom\u00e8tres et pr\u00e9sente un niveau de difficult\u00e9 \u00e9lev\u00e9. Il est donc recommand\u00e9 aux v\u00e9t\u00e9tistes exp\u00e9riment\u00e9s ayant une bonne condition physique.<\/p>\n\n\n\n<p class=\"wp-block-paragraph\">Le point de d\u00e9part est Hipercor de San Pedro Alcantara et vous devez vous diriger vers la route d\u2019Istan. Il s&#8217;agit d&#8217;un chemin de montagne ce qui fait que les courbes sont tr\u00e8s pr\u00e9sentes. A un moment la route, vous trouverez les sources de Istan et l\u00e0 vous pourrez vous reposer. Apr\u00e8s cela vous arrivez dans la r\u00e9gion de Rio Verde o\u00f9 vous devrez faire particuli\u00e8rement attention \u00e0 l&#8217;humidit\u00e9 de la route. Continuez \u00e0 p\u00e9daler et vous trouverez le port de la Refriega d&#8217;o\u00f9 vous pouvez apercevoir d&#8217;impressionnantes vues. Une fois que vous trouvez la d\u00e9but de la cascade el Hoyo del Bote vous pouvez vous arr\u00eater pour vous reposer et ensuite retourner \u00e0 San Pedro.<\/p>\n\n\n\n<p class=\"wp-block-paragraph\">Le parcours alterne routes goudronn\u00e9es et pistes dans des \u00e9tats variables, avec quelques portions de terrain meuble o\u00f9 il peut \u00eatre n\u00e9cessaire de descendre du v\u00e9lo.<\/p>\n\n\n\n<p class=\"wp-block-paragraph\"><a href=\"http:\/\/www.wikiloc.com\/wikiloc\/view.do?id=1619024\" target=\"_blank\" rel=\"noopener\">Visitez Wikiloc<\/a>, la communaut\u00e9 de partage localisation GPS<\/p>\n\n\n\n<p class=\"wp-block-paragraph\">&nbsp;&nbsp;<\/p>\n\n\n\n<h2 class=\"wp-block-heading\">Promenade au bord de la mer de Marbella \u00e0 San Pedro<\/h2>\n\n\n\n<p class=\"wp-block-paragraph\">&nbsp;<\/p>\n\n\n\n<figure class=\"wp-block-image\"><img decoding=\"async\" src=\"https:\/\/blog.fuerte-group.com\/wp-content\/uploads\/2020\/03\/promenade-marbella-3.jpg\" alt=\"Promenade Marbella, Puerto Banus\"\/><\/figure>\n\n\n\n<p class=\"wp-block-paragraph\"><\/p>\n\n\n\n<p class=\"wp-block-paragraph\">&nbsp;<\/p>\n\n\n\n<p class=\"wp-block-paragraph\">Le sentier littoral de Marbella longe en grande partie les promenades maritimes et les passerelles qui relient Marbella \u00e0 Puerto Ban\u00fas et San Pedro de Alc\u00e1ntara. Le parcours alterne passerelles en bois, chemins en terre stabilis\u00e9e et zones pav\u00e9es, ce qui le rend id\u00e9al pour la marche ou la course \u00e0 pied.<\/p>\n\n\n\n<p class=\"wp-block-paragraph\">En revanche, si vous d\u00e9cidez de le faire en segway ou en scooter, vous devez tenir compte du fait que les v\u00e9hicules \u00e0 mobilit\u00e9 personnelle ne peuvent circuler que sur des pistes cyclables et sur les sentiers cyclables (bien que le pi\u00e9ton aura toujours la priorit\u00e9) et \u00e0 moins de 10 kilom\u00e8tres \u00e0 l&#8217;heure.<\/p>\n\n\n\n<p class=\"wp-block-paragraph\">&nbsp;<\/p>\n\n\n\n<figure class=\"wp-block-image\"><img decoding=\"async\" src=\"https:\/\/blog.fuerte-group.com\/wp-content\/uploads\/2020\/03\/biking-promenade-marbella.jpg\" alt=\"Marbella biking\"\/><\/figure>\n\n\n\n<p class=\"wp-block-paragraph\"><\/p>\n\n\n\n<p class=\"wp-block-paragraph\">&nbsp;<\/p>\n\n\n\n<p class=\"wp-block-paragraph\">Nous vous recommandons fortement de faire cet itin\u00e9raire car vous pourrez profiter d&#8217;une vue incroyable sur les plages de Nueva Andaluc\u00eda, Puerto Ban\u00fas, Nagueles, Casablanca ou La Fontanilla, ainsi que tous les services (bars de plage, \u00e9tals, bars, caf\u00e9s) et les lieux d&#8217;int\u00e9r\u00eat qu&#8217;il y a le long du chemin, vous ne pourrez pas marcher ici sans vous vous arr\u00eatez pour admirer la nature spectaculaire de la passerelle du R\u00edo Verde, car c&#8217;est le plus long pont pi\u00e9tonnier d&#8217;Espagne ou la Villa Romana de R\u00edo Verde, une grande villa qui remonte \u00e0 I et II d. C, et qui est c\u00e9l\u00e8bre pour ses mosa\u00efques, en particulier celle qui repr\u00e9sente La M\u00e9duse.<\/p>\n\n\n\n<p class=\"wp-block-paragraph\"><a href=\"https:\/\/www.amarehotels.com\/fr\/blog\/itineraire-marbella-puerto-banus\/\"><strong>Que voir et faire entre Puerto Banus et Marbella, itin\u00e9raire le long de la promenade<\/strong><\/a><\/p>\n\n\n\n<p class=\"wp-block-paragraph\">&nbsp;<\/p>\n\n\n\n<p class=\"wp-block-paragraph\">&nbsp;<\/p>\n\n\n\n<h2 class=\"wp-block-heading\"><strong>Conseils et Suggestions pour Visiter Marbella \u00e0 V\u00e9lo<\/strong><\/h2>\n\n\n\n<p class=\"wp-block-paragraph\">&nbsp;<\/p>\n\n\n\n<figure class=\"wp-block-image\"><img decoding=\"async\" src=\"https:\/\/blog.fuerte-group.com\/wp-content\/uploads\/2020\/03\/bike-rental.jpg\" alt=\"Bike rental \"\/><\/figure>\n\n\n\n<p class=\"wp-block-paragraph\"><\/p>\n\n\n\n<p class=\"wp-block-paragraph\">&nbsp;<\/p>\n\n\n\n<p class=\"wp-block-paragraph\">Parcourir Marbella \u00e0 v\u00e9lo est une excellente fa\u00e7on de d\u00e9couvrir la ville et ses environs tout en profitant de son climat et de ses paysages. Des balades tranquilles en bord de mer aux itin\u00e9raires de montagne plus exigeants, vous trouverez des options adapt\u00e9es \u00e0 diff\u00e9rents niveaux. Avant de vous mettre en selle, prenez note de ces quelques conseils.<\/p>\n\n\n\n<p class=\"wp-block-paragraph\"><strong>Choisissez le v\u00e9lo et l\u2019itin\u00e9raire adapt\u00e9s<\/strong><\/p>\n\n\n\n<p class=\"wp-block-paragraph\">Le type de v\u00e9lo d\u00e9pendra du parcours que vous souhaitez emprunter. Pour circuler en ville et sur des routes goudronn\u00e9es, un v\u00e9lo de ville ou hybride peut suffire. Si vous pr\u00e9voyez de vous aventurer sur des pistes et chemins de montagne, optez plut\u00f4t pour un VTT.<\/p>\n\n\n\n<p class=\"wp-block-paragraph\">Les v\u00e9los \u00e9lectriques constituent \u00e9galement une bonne alternative pour parcourir de plus longues distances ou affronter des itin\u00e9raires pr\u00e9sentant davantage de d\u00e9nivel\u00e9.<\/p>\n\n\n\n<p class=\"wp-block-paragraph\">Avant de partir, v\u00e9rifiez la distance, le d\u00e9nivel\u00e9, le type de terrain et le niveau de difficult\u00e9 de l\u2019itin\u00e9raire. Si vous manquez d\u2019exp\u00e9rience, commencez par des parcours faciles et gardez les itin\u00e9raires de montagne les plus exigeants pour lorsque vous serez mieux pr\u00e9par\u00e9.<\/p>\n\n\n\n<p class=\"wp-block-paragraph\"><strong>Consultez les r\u00e8gles de circulation<\/strong><\/p>\n\n\n\n<p class=\"wp-block-paragraph\">Si vous souhaitez emprunter la promenade maritime, sachez que la circulation des v\u00e9los est r\u00e9glement\u00e9e par tron\u00e7ons et que certaines zones peuvent faire l\u2019objet de restrictions. Respectez la signalisation et empruntez les pistes cyclables ou les itin\u00e9raires alternatifs lorsque cela est n\u00e9cessaire.<\/p>\n\n\n\n<p class=\"wp-block-paragraph\">Dans les zones de la promenade maritime o\u00f9 les v\u00e9los sont autoris\u00e9s, les pi\u00e9tons sont prioritaires. Vous devez circuler \u00e0 une vitesse maximale de 10 km\/h et respecter \u00e0 tout moment la signalisation en vigueur.<\/p>\n\n\n\n<p class=\"wp-block-paragraph\"><strong>\u00c9vitez les heures les plus chaudes<\/strong><\/p>\n\n\n\n<p class=\"wp-block-paragraph\">Pendant les mois d\u2019\u00e9t\u00e9, privil\u00e9giez les sorties t\u00f4t le matin ou en fin d\u2019apr\u00e8s-midi afin d\u2019\u00e9viter les temp\u00e9ratures les plus \u00e9lev\u00e9es.<\/p>\n\n\n\n<p class=\"wp-block-paragraph\">Emportez suffisamment d\u2019eau, faites des pauses lorsque vous en avez besoin et prot\u00e9gez-vous du soleil avec de la cr\u00e8me solaire et des lunettes de soleil. Si vous pr\u00e9voyez une longue sortie ou un itin\u00e9raire en montagne, pensez \u00e9galement \u00e0 consulter les pr\u00e9visions m\u00e9t\u00e9orologiques avant de partir.<\/p>\n\n\n\n<p class=\"wp-block-paragraph\"><\/p>\n\n\n\n<p class=\"wp-block-paragraph\">&nbsp;<\/p>\n\n\n\n<figure class=\"wp-block-image\"><img decoding=\"async\" src=\"https:\/\/blog.fuerte-group.com\/wp-content\/uploads\/2020\/03\/biking-promenade-marbella-2.jpg\" alt=\"Marbella biking\"\/><\/figure>\n\n\n\n<p class=\"wp-block-paragraph\"><\/p>\n\n\n\n<p class=\"wp-block-paragraph\">&nbsp;<\/p>\n\n\n\n<p class=\"wp-block-paragraph\"><strong>Emportez l\u2019\u00e9quipement n\u00e9cessaire<\/strong><\/p>\n\n\n\n<p class=\"wp-block-paragraph\">Portez un casque et assurez-vous que votre v\u00e9lo est en bon \u00e9tat avant de commencer votre parcours. V\u00e9rifiez notamment les freins, les pneus et les \u00e9clairages si vous pr\u00e9voyez de circuler lorsque la luminosit\u00e9 est faible.<\/p>\n\n\n\n<p class=\"wp-block-paragraph\">Pour les longues distances ou les sorties en montagne, il peut \u00e9galement \u00eatre utile d\u2019emporter un petit kit de r\u00e9paration, une chambre \u00e0 air de rechange et quelques outils de base.<\/p>\n\n\n\n<p class=\"wp-block-paragraph\">Si vous laissez votre v\u00e9lo sans surveillance le temps d\u2019une visite ou d\u2019une pause, utilisez toujours un bon antivol.<\/p>\n\n\n\n<p class=\"wp-block-paragraph\"><strong>Louez un v\u00e9lo si n\u00e9cessaire<\/strong><\/p>\n\n\n\n<p class=\"wp-block-paragraph\">\u00c0 Marbella, vous trouverez diff\u00e9rents \u00e9tablissements de location de v\u00e9los, notamment dans les zones touristiques et \u00e0 proximit\u00e9 de la promenade maritime. Avant de louer votre v\u00e9lo, v\u00e9rifiez les \u00e9quipements inclus et choisissez un mod\u00e8le adapt\u00e9 \u00e0 l\u2019itin\u00e9raire que vous avez pr\u00e9vu.<\/p>\n\n\n\n<p class=\"wp-block-paragraph\">Si vous ne connaissez pas bien la r\u00e9gion ou pr\u00e9f\u00e9rez \u00eatre accompagn\u00e9, vous pouvez \u00e9galement participer \u00e0 une excursion guid\u00e9e \u00e0 v\u00e9lo.<\/p>\n\n\n\n<p class=\"wp-block-paragraph\"><strong>Profitez de votre itin\u00e9raire pour d\u00e9couvrir Marbella<\/strong><\/p>\n\n\n\n<p class=\"wp-block-paragraph\">Une balade \u00e0 v\u00e9lo peut \u00e9galement se combiner avec certaines des visites incontournables de Marbella. Vous pouvez laisser votre v\u00e9lo et d\u00e9couvrir la vieille ville \u00e0 pied, faire une pause pr\u00e8s de l\u2019Avenida del Mar ou du parc de l\u2019Alameda, ou vous arr\u00eater sur l\u2019une des plages, dans un caf\u00e9 ou un restaurant en bord de mer.<\/p>\n\n\n\n<p class=\"wp-block-paragraph\">Si vous d\u00e9cidez de poursuivre votre itin\u00e9raire vers des localit\u00e9s voisines comme Oj\u00e9n, Benahav\u00eds ou Estepona, planifiez votre parcours \u00e0 l\u2019avance et assurez-vous qu\u2019il est adapt\u00e9 \u00e0 votre niveau et au type de v\u00e9lo que vous utilisez.<\/p>\n\n\n\n<p class=\"wp-block-paragraph\"><strong>Respectez l\u2019environnement<\/strong><\/p>\n\n\n\n<p class=\"wp-block-paragraph\">Si vous traversez des espaces naturels, restez sur les chemins am\u00e9nag\u00e9s, ne laissez aucun d\u00e9chet et \u00e9vitez de d\u00e9ranger la faune. Dans les zones partag\u00e9es avec les pi\u00e9tons, r\u00e9duisez votre vitesse et circulez avec une prudence particuli\u00e8re.<\/p>\n\n\n\n<p class=\"wp-block-paragraph\">&nbsp;<\/p>\n\n\n\n<p class=\"wp-block-paragraph\">&nbsp;<\/p>\n\n\n\n<h2 class=\"wp-block-heading\">O\u00f9 s\u00e9journer ?<\/h2>\n\n\n\n<p class=\"wp-block-paragraph\">&nbsp;<\/p>\n\n\n\n<figure class=\"wp-block-image\"><img decoding=\"async\" src=\"https:\/\/blog.fuerte-group.com\/wp-content\/uploads\/2022\/06\/amare-beach-hotel-marbella-pool.jpg\" alt=\"Am\u00e0re Beach Hotel Marbella\"\/><\/figure>\n\n\n\n<p class=\"wp-block-paragraph\"><\/p>\n\n\n\n<p class=\"wp-block-paragraph\">&nbsp;<\/p>\n\n\n\n<p class=\"wp-block-paragraph\">Marbella est un paradis o\u00f9 l&#8217;on peut profiter de la richesse des attractions culturelles, naturelles, historiques et gastronomiques de la ville. Les options offertes par cette ville sont tr\u00e8s vari\u00e9es et spectaculaires. L&#8217; <strong><a href=\"https:\/\/www.amarehotels.com\/fr\/amare-marbella\/\">Am\u00e0re Beach H\u00f4tel Marbella<\/a><\/strong> est id\u00e9alement situ\u00e9, sur la promenade du front de mer et \u00e0 seulement 5 minutes du centre historique de la ville, ce qui vous permettra de planifier au mieux votre s\u00e9jour \u00e0 Marbella. Il est id\u00e9al pour les adultes qui souhaitent profiter d&#8217;un s\u00e9jour paisible dans un lieu unique o\u00f9 ils pourront se d\u00e9tendre et recevoir toute l&#8217;attention qu&#8217;ils m\u00e9ritent.<\/p>\n\n\n\n<p class=\"wp-block-paragraph\">&nbsp;<\/p>\n","protected":false},"excerpt":{"rendered":"<p>Il y a peu de choses plus agr\u00e9ables et relaxantes que le tourisme \u00e0 Marbella et sa situation exceptionnelle \u00e0 [&hellip;]<\/p>\n","protected":false},"author":5,"featured_media":11065,"comment_status":"open","ping_status":"open","sticky":false,"template":"","format":"standard","meta":{"_acf_changed":false,"site-sidebar-layout":"default","site-content-layout":"","ast-site-content-layout":"default","site-content-style":"default","site-sidebar-style":"default","ast-global-header-display":"","ast-banner-title-visibility":"","ast-main-header-display":"","ast-hfb-above-header-display":"","ast-hfb-below-header-display":"","ast-hfb-mobile-header-display":"","site-post-title":"","ast-breadcrumbs-content":"","ast-featured-img":"","footer-sml-layout":"","theme-transparent-header-meta":"","adv-header-id-meta":"","stick-header-meta":"","header-above-stick-meta":"","header-main-stick-meta":"","header-below-stick-meta":"","astra-migrate-meta-layouts":"default","ast-page-background-enabled":"default","ast-page-background-meta":{"desktop":{"background-color":"var(--ast-global-color-5)","background-image":"","background-repeat":"repeat","background-position":"center center","background-size":"auto","background-attachment":"scroll","background-type":"","background-media":"","overlay-type":"","overlay-color":"","overlay-opacity":"","overlay-gradient":""},"tablet":{"background-color":"","background-image":"","background-repeat":"repeat","background-position":"center center","background-size":"auto","background-attachment":"scroll","background-type":"","background-media":"","overlay-type":"","overlay-color":"","overlay-opacity":"","overlay-gradient":""},"mobile":{"background-color":"","background-image":"","background-repeat":"repeat","background-position":"center center","background-size":"auto","background-attachment":"scroll","background-type":"","background-media":"","overlay-type":"","overlay-color":"","overlay-opacity":"","overlay-gradient":""}},"ast-content-background-meta":{"desktop":{"background-color":"var(--ast-global-color-4)","background-image":"","background-repeat":"repeat","background-position":"center center","background-size":"auto","background-attachment":"scroll","background-type":"","background-media":"","overlay-type":"","overlay-color":"","overlay-opacity":"","overlay-gradient":""},"tablet":{"background-color":"var(--ast-global-color-4)","background-image":"","background-repeat":"repeat","background-position":"center center","background-size":"auto","background-attachment":"scroll","background-type":"","background-media":"","overlay-type":"","overlay-color":"","overlay-opacity":"","overlay-gradient":""},"mobile":{"background-color":"var(--ast-global-color-4)","background-image":"","background-repeat":"repeat","background-position":"center center","background-size":"auto","background-attachment":"scroll","background-type":"","background-media":"","overlay-type":"","overlay-color":"","overlay-opacity":"","overlay-gradient":""}},"footnotes":""},"categories":[183,189],"tags":[229,226,234,289],"hotel":[251,257,259],"class_list":["post-8781","post","type-post","status-publish","format-standard","has-post-thumbnail","hentry","category-blog-3","category-sport-2","tag-activites-2","tag-conseil","tag-randonnees","tag-sin-categoria","hotel-amare-hotels-fr","hotel-el-fuerte-marbella","hotel-el-fuerte-marbella-fr"],"acf":[],"yoast_head":"<!-- This site is optimized with the Yoast SEO plugin v26.4 - https:\/\/yoast.com\/wordpress\/plugins\/seo\/ -->\n<title>Marbella \u00e0 v\u00e9lo | Marbella \u00e0 pied<\/title>\n<meta name=\"description\" content=\"6 circuits pour d\u00e9couvrir \u00e0 pied ou \u00e0 v\u00e9lo la fabuleuse richesse environnementale et pittoresque de Marbella.\" \/>\n<meta name=\"robots\" content=\"index, follow, max-snippet:-1, max-image-preview:large, max-video-preview:-1\" \/>\n<link rel=\"canonical\" href=\"https:\/\/blog.fuerte-group.com\/fr\/marbella-walking-cycling-routes\/\" \/>\n<meta property=\"og:locale\" content=\"fr_FR\" \/>\n<meta property=\"og:type\" content=\"article\" \/>\n<meta property=\"og:title\" content=\"Marbella \u00e0 v\u00e9lo | Marbella \u00e0 pied\" \/>\n<meta property=\"og:description\" content=\"6 circuits pour d\u00e9couvrir \u00e0 pied ou \u00e0 v\u00e9lo la fabuleuse richesse environnementale et pittoresque de Marbella.\" \/>\n<meta property=\"og:url\" content=\"https:\/\/blog.fuerte-group.com\/fr\/marbella-walking-cycling-routes\/\" \/>\n<meta property=\"og:site_name\" content=\"Blog - Fuerte Group Hotels\" \/>\n<meta property=\"article:published_time\" content=\"2024-09-25T04:00:16+00:00\" \/>\n<meta property=\"article:modified_time\" content=\"2026-08-18T13:35:18+00:00\" \/>\n<meta property=\"og:image\" content=\"https:\/\/blog.fuerte-group.com\/wp-content\/uploads\/2024\/09\/paseo-maritimo-marbella-atardecer.jpg\" \/>\n\t<meta property=\"og:image:width\" content=\"1000\" \/>\n\t<meta property=\"og:image:height\" content=\"600\" \/>\n\t<meta property=\"og:image:type\" content=\"image\/jpeg\" \/>\n<meta name=\"author\" content=\"Fuerte Group\" \/>\n<meta name=\"twitter:card\" content=\"summary_large_image\" \/>\n<meta name=\"twitter:label1\" content=\"\u00c9crit par\" \/>\n\t<meta name=\"twitter:data1\" content=\"Fuerte Group\" \/>\n\t<meta name=\"twitter:label2\" content=\"Dur\u00e9e de lecture estim\u00e9e\" \/>\n\t<meta name=\"twitter:data2\" content=\"13 minutes\" \/>\n<script type=\"application\/ld+json\" class=\"yoast-schema-graph\">{\"@context\":\"https:\/\/schema.org\",\"@graph\":[{\"@type\":[\"Article\",\"BlogPosting\"],\"@id\":\"https:\/\/blog.fuerte-group.com\/fr\/marbella-walking-cycling-routes\/#article\",\"isPartOf\":{\"@id\":\"https:\/\/blog.fuerte-group.com\/fr\/marbella-walking-cycling-routes\/\"},\"author\":{\"name\":\"Fuerte Group\",\"@id\":\"https:\/\/blog.fuerte-group.com\/fr\/#\/schema\/person\/2dbca6937e0807c084d3b91d5e45de9d\"},\"headline\":\"D\u00e9couvrez les meilleures fa\u00e7ons de voyager \u00e0 pied et \u00e0 p\u00e9dale \u00e0 Marbella\",\"datePublished\":\"2024-09-25T04:00:16+00:00\",\"dateModified\":\"2026-08-18T13:35:18+00:00\",\"mainEntityOfPage\":{\"@id\":\"https:\/\/blog.fuerte-group.com\/fr\/marbella-walking-cycling-routes\/\"},\"wordCount\":2395,\"commentCount\":0,\"publisher\":{\"@id\":\"https:\/\/blog.fuerte-group.com\/fr\/#organization\"},\"image\":{\"@id\":\"https:\/\/blog.fuerte-group.com\/fr\/marbella-walking-cycling-routes\/#primaryimage\"},\"thumbnailUrl\":\"https:\/\/blog.fuerte-group.com\/wp-content\/uploads\/2024\/09\/paseo-maritimo-marbella-atardecer.jpg\",\"keywords\":[\"Activit\u00e9s\",\"Conseil\",\"Randonn\u00e9es\",\"Sin categor\u00eda\"],\"articleSection\":[\"blog\",\"Sport\"],\"inLanguage\":\"fr-FR\",\"potentialAction\":[{\"@type\":\"CommentAction\",\"name\":\"Comment\",\"target\":[\"https:\/\/blog.fuerte-group.com\/fr\/marbella-walking-cycling-routes\/#respond\"]}]},{\"@type\":\"WebPage\",\"@id\":\"https:\/\/blog.fuerte-group.com\/fr\/marbella-walking-cycling-routes\/\",\"url\":\"https:\/\/blog.fuerte-group.com\/fr\/marbella-walking-cycling-routes\/\",\"name\":\"Marbella \u00e0 v\u00e9lo | Marbella \u00e0 pied\",\"isPartOf\":{\"@id\":\"https:\/\/blog.fuerte-group.com\/fr\/#website\"},\"primaryImageOfPage\":{\"@id\":\"https:\/\/blog.fuerte-group.com\/fr\/marbella-walking-cycling-routes\/#primaryimage\"},\"image\":{\"@id\":\"https:\/\/blog.fuerte-group.com\/fr\/marbella-walking-cycling-routes\/#primaryimage\"},\"thumbnailUrl\":\"https:\/\/blog.fuerte-group.com\/wp-content\/uploads\/2024\/09\/paseo-maritimo-marbella-atardecer.jpg\",\"datePublished\":\"2024-09-25T04:00:16+00:00\",\"dateModified\":\"2026-08-18T13:35:18+00:00\",\"description\":\"6 circuits pour d\u00e9couvrir \u00e0 pied ou \u00e0 v\u00e9lo la fabuleuse richesse environnementale et pittoresque de Marbella.\",\"breadcrumb\":{\"@id\":\"https:\/\/blog.fuerte-group.com\/fr\/marbella-walking-cycling-routes\/#breadcrumb\"},\"inLanguage\":\"fr-FR\",\"potentialAction\":[{\"@type\":\"ReadAction\",\"target\":[\"https:\/\/blog.fuerte-group.com\/fr\/marbella-walking-cycling-routes\/\"]}]},{\"@type\":\"ImageObject\",\"inLanguage\":\"fr-FR\",\"@id\":\"https:\/\/blog.fuerte-group.com\/fr\/marbella-walking-cycling-routes\/#primaryimage\",\"url\":\"https:\/\/blog.fuerte-group.com\/wp-content\/uploads\/2024\/09\/paseo-maritimo-marbella-atardecer.jpg\",\"contentUrl\":\"https:\/\/blog.fuerte-group.com\/wp-content\/uploads\/2024\/09\/paseo-maritimo-marbella-atardecer.jpg\",\"width\":1000,\"height\":600,\"caption\":\"Paseo mar\u00edtimo de Marbella al atardecer\"},{\"@type\":\"BreadcrumbList\",\"@id\":\"https:\/\/blog.fuerte-group.com\/fr\/marbella-walking-cycling-routes\/#breadcrumb\",\"itemListElement\":[{\"@type\":\"ListItem\",\"position\":1,\"name\":\"Portada\",\"item\":\"https:\/\/blog.fuerte-group.com\/fr\/\"},{\"@type\":\"ListItem\",\"position\":2,\"name\":\"D\u00e9couvrez les meilleures fa\u00e7ons de voyager \u00e0 pied et \u00e0 p\u00e9dale \u00e0 Marbella\"}]},{\"@type\":\"WebSite\",\"@id\":\"https:\/\/blog.fuerte-group.com\/fr\/#website\",\"url\":\"https:\/\/blog.fuerte-group.com\/fr\/\",\"name\":\"Blog - Fuerte Group Hotels\",\"description\":\"Blog Andalucia e Ibiza - Fuerte Group Hotels\",\"publisher\":{\"@id\":\"https:\/\/blog.fuerte-group.com\/fr\/#organization\"},\"alternateName\":\"blog-fgh\",\"potentialAction\":[{\"@type\":\"SearchAction\",\"target\":{\"@type\":\"EntryPoint\",\"urlTemplate\":\"https:\/\/blog.fuerte-group.com\/fr\/?s={search_term_string}\"},\"query-input\":{\"@type\":\"PropertyValueSpecification\",\"valueRequired\":true,\"valueName\":\"search_term_string\"}}],\"inLanguage\":\"fr-FR\"},{\"@type\":\"Organization\",\"@id\":\"https:\/\/blog.fuerte-group.com\/fr\/#organization\",\"name\":\"Fuerte Group S.L.\",\"alternateName\":\"Fuerte Group S.L.\",\"url\":\"https:\/\/blog.fuerte-group.com\/fr\/\",\"logo\":{\"@type\":\"ImageObject\",\"inLanguage\":\"fr-FR\",\"@id\":\"https:\/\/blog.fuerte-group.com\/fr\/#\/schema\/logo\/image\/\",\"url\":\"https:\/\/blog.fuerte-group.com\/wp-content\/uploads\/2025\/05\/logo-fuerte-group-blog-naranja-02.svg\",\"contentUrl\":\"https:\/\/blog.fuerte-group.com\/wp-content\/uploads\/2025\/05\/logo-fuerte-group-blog-naranja-02.svg\",\"caption\":\"Fuerte Group S.L.\"},\"image\":{\"@id\":\"https:\/\/blog.fuerte-group.com\/fr\/#\/schema\/logo\/image\/\"}},{\"@type\":\"Person\",\"@id\":\"https:\/\/blog.fuerte-group.com\/fr\/#\/schema\/person\/2dbca6937e0807c084d3b91d5e45de9d\",\"name\":\"Fuerte Group\",\"image\":{\"@type\":\"ImageObject\",\"inLanguage\":\"fr-FR\",\"@id\":\"https:\/\/blog.fuerte-group.com\/fr\/#\/schema\/person\/image\/\",\"url\":\"https:\/\/secure.gravatar.com\/avatar\/1252cf13fd5ebc8ff2eb376323ce749771613b9f6684dd6fcfe90ce1ec0d978b?s=96&d=mm&r=g\",\"contentUrl\":\"https:\/\/secure.gravatar.com\/avatar\/1252cf13fd5ebc8ff2eb376323ce749771613b9f6684dd6fcfe90ce1ec0d978b?s=96&d=mm&r=g\",\"caption\":\"Fuerte Group\"},\"description\":\"Fuerte Group Hotels es la divisi\u00f3n hotelera del Grupo El Fuerte, un grupo empresarial familiar andaluz fundado en 1957 por Jos\u00e9 Luque Manzano. Fuerte Group Hotels se componde de 5 marcas distintas, cada una de ellas con una personalidad propia. Fuerte Hoteles, para toda la familia; Am\u00e0re Hotels, recomendada para adultos; Ol\u00e9e Holiday Rentals, apartamentos vacacionales; El Fuerte Marbella, lujo casual 5 estrellas; y DAIA, hoteles para un descanso \u2018slow beach\u2019.\",\"sameAs\":[\"https:\/\/www.fuerte-group.com\/\"],\"url\":\"https:\/\/blog.fuerte-group.com\/fr\/author\/fuertegroup\/\"}]}<\/script>\n<!-- \/ Yoast SEO plugin. -->","yoast_head_json":{"title":"Marbella \u00e0 v\u00e9lo | Marbella \u00e0 pied","description":"6 circuits pour d\u00e9couvrir \u00e0 pied ou \u00e0 v\u00e9lo la fabuleuse richesse environnementale et pittoresque de Marbella.","robots":{"index":"index","follow":"follow","max-snippet":"max-snippet:-1","max-image-preview":"max-image-preview:large","max-video-preview":"max-video-preview:-1"},"canonical":"https:\/\/blog.fuerte-group.com\/fr\/marbella-walking-cycling-routes\/","og_locale":"fr_FR","og_type":"article","og_title":"Marbella \u00e0 v\u00e9lo | Marbella \u00e0 pied","og_description":"6 circuits pour d\u00e9couvrir \u00e0 pied ou \u00e0 v\u00e9lo la fabuleuse richesse environnementale et pittoresque de Marbella.","og_url":"https:\/\/blog.fuerte-group.com\/fr\/marbella-walking-cycling-routes\/","og_site_name":"Blog - Fuerte Group Hotels","article_published_time":"2024-09-25T04:00:16+00:00","article_modified_time":"2026-08-18T13:35:18+00:00","og_image":[{"width":1000,"height":600,"url":"https:\/\/blog.fuerte-group.com\/wp-content\/uploads\/2024\/09\/paseo-maritimo-marbella-atardecer.jpg","type":"image\/jpeg"}],"author":"Fuerte Group","twitter_card":"summary_large_image","twitter_misc":{"\u00c9crit par":"Fuerte Group","Dur\u00e9e de lecture estim\u00e9e":"13 minutes"},"schema":{"@context":"https:\/\/schema.org","@graph":[{"@type":["Article","BlogPosting"],"@id":"https:\/\/blog.fuerte-group.com\/fr\/marbella-walking-cycling-routes\/#article","isPartOf":{"@id":"https:\/\/blog.fuerte-group.com\/fr\/marbella-walking-cycling-routes\/"},"author":{"name":"Fuerte Group","@id":"https:\/\/blog.fuerte-group.com\/fr\/#\/schema\/person\/2dbca6937e0807c084d3b91d5e45de9d"},"headline":"D\u00e9couvrez les meilleures fa\u00e7ons de voyager \u00e0 pied et \u00e0 p\u00e9dale \u00e0 Marbella","datePublished":"2024-09-25T04:00:16+00:00","dateModified":"2026-08-18T13:35:18+00:00","mainEntityOfPage":{"@id":"https:\/\/blog.fuerte-group.com\/fr\/marbella-walking-cycling-routes\/"},"wordCount":2395,"commentCount":0,"publisher":{"@id":"https:\/\/blog.fuerte-group.com\/fr\/#organization"},"image":{"@id":"https:\/\/blog.fuerte-group.com\/fr\/marbella-walking-cycling-routes\/#primaryimage"},"thumbnailUrl":"https:\/\/blog.fuerte-group.com\/wp-content\/uploads\/2024\/09\/paseo-maritimo-marbella-atardecer.jpg","keywords":["Activit\u00e9s","Conseil","Randonn\u00e9es","Sin categor\u00eda"],"articleSection":["blog","Sport"],"inLanguage":"fr-FR","potentialAction":[{"@type":"CommentAction","name":"Comment","target":["https:\/\/blog.fuerte-group.com\/fr\/marbella-walking-cycling-routes\/#respond"]}]},{"@type":"WebPage","@id":"https:\/\/blog.fuerte-group.com\/fr\/marbella-walking-cycling-routes\/","url":"https:\/\/blog.fuerte-group.com\/fr\/marbella-walking-cycling-routes\/","name":"Marbella \u00e0 v\u00e9lo | Marbella \u00e0 pied","isPartOf":{"@id":"https:\/\/blog.fuerte-group.com\/fr\/#website"},"primaryImageOfPage":{"@id":"https:\/\/blog.fuerte-group.com\/fr\/marbella-walking-cycling-routes\/#primaryimage"},"image":{"@id":"https:\/\/blog.fuerte-group.com\/fr\/marbella-walking-cycling-routes\/#primaryimage"},"thumbnailUrl":"https:\/\/blog.fuerte-group.com\/wp-content\/uploads\/2024\/09\/paseo-maritimo-marbella-atardecer.jpg","datePublished":"2024-09-25T04:00:16+00:00","dateModified":"2026-08-18T13:35:18+00:00","description":"6 circuits pour d\u00e9couvrir \u00e0 pied ou \u00e0 v\u00e9lo la fabuleuse richesse environnementale et pittoresque de Marbella.","breadcrumb":{"@id":"https:\/\/blog.fuerte-group.com\/fr\/marbella-walking-cycling-routes\/#breadcrumb"},"inLanguage":"fr-FR","potentialAction":[{"@type":"ReadAction","target":["https:\/\/blog.fuerte-group.com\/fr\/marbella-walking-cycling-routes\/"]}]},{"@type":"ImageObject","inLanguage":"fr-FR","@id":"https:\/\/blog.fuerte-group.com\/fr\/marbella-walking-cycling-routes\/#primaryimage","url":"https:\/\/blog.fuerte-group.com\/wp-content\/uploads\/2024\/09\/paseo-maritimo-marbella-atardecer.jpg","contentUrl":"https:\/\/blog.fuerte-group.com\/wp-content\/uploads\/2024\/09\/paseo-maritimo-marbella-atardecer.jpg","width":1000,"height":600,"caption":"Paseo mar\u00edtimo de Marbella al atardecer"},{"@type":"BreadcrumbList","@id":"https:\/\/blog.fuerte-group.com\/fr\/marbella-walking-cycling-routes\/#breadcrumb","itemListElement":[{"@type":"ListItem","position":1,"name":"Portada","item":"https:\/\/blog.fuerte-group.com\/fr\/"},{"@type":"ListItem","position":2,"name":"D\u00e9couvrez les meilleures fa\u00e7ons de voyager \u00e0 pied et \u00e0 p\u00e9dale \u00e0 Marbella"}]},{"@type":"WebSite","@id":"https:\/\/blog.fuerte-group.com\/fr\/#website","url":"https:\/\/blog.fuerte-group.com\/fr\/","name":"Blog - Fuerte Group Hotels","description":"Blog Andalucia e Ibiza - Fuerte Group Hotels","publisher":{"@id":"https:\/\/blog.fuerte-group.com\/fr\/#organization"},"alternateName":"blog-fgh","potentialAction":[{"@type":"SearchAction","target":{"@type":"EntryPoint","urlTemplate":"https:\/\/blog.fuerte-group.com\/fr\/?s={search_term_string}"},"query-input":{"@type":"PropertyValueSpecification","valueRequired":true,"valueName":"search_term_string"}}],"inLanguage":"fr-FR"},{"@type":"Organization","@id":"https:\/\/blog.fuerte-group.com\/fr\/#organization","name":"Fuerte Group S.L.","alternateName":"Fuerte Group S.L.","url":"https:\/\/blog.fuerte-group.com\/fr\/","logo":{"@type":"ImageObject","inLanguage":"fr-FR","@id":"https:\/\/blog.fuerte-group.com\/fr\/#\/schema\/logo\/image\/","url":"https:\/\/blog.fuerte-group.com\/wp-content\/uploads\/2025\/05\/logo-fuerte-group-blog-naranja-02.svg","contentUrl":"https:\/\/blog.fuerte-group.com\/wp-content\/uploads\/2025\/05\/logo-fuerte-group-blog-naranja-02.svg","caption":"Fuerte Group S.L."},"image":{"@id":"https:\/\/blog.fuerte-group.com\/fr\/#\/schema\/logo\/image\/"}},{"@type":"Person","@id":"https:\/\/blog.fuerte-group.com\/fr\/#\/schema\/person\/2dbca6937e0807c084d3b91d5e45de9d","name":"Fuerte Group","image":{"@type":"ImageObject","inLanguage":"fr-FR","@id":"https:\/\/blog.fuerte-group.com\/fr\/#\/schema\/person\/image\/","url":"https:\/\/secure.gravatar.com\/avatar\/1252cf13fd5ebc8ff2eb376323ce749771613b9f6684dd6fcfe90ce1ec0d978b?s=96&d=mm&r=g","contentUrl":"https:\/\/secure.gravatar.com\/avatar\/1252cf13fd5ebc8ff2eb376323ce749771613b9f6684dd6fcfe90ce1ec0d978b?s=96&d=mm&r=g","caption":"Fuerte Group"},"description":"Fuerte Group Hotels es la divisi\u00f3n hotelera del Grupo El Fuerte, un grupo empresarial familiar andaluz fundado en 1957 por Jos\u00e9 Luque Manzano. Fuerte Group Hotels se componde de 5 marcas distintas, cada una de ellas con una personalidad propia. Fuerte Hoteles, para toda la familia; Am\u00e0re Hotels, recomendada para adultos; Ol\u00e9e Holiday Rentals, apartamentos vacacionales; El Fuerte Marbella, lujo casual 5 estrellas; y DAIA, hoteles para un descanso \u2018slow beach\u2019.","sameAs":["https:\/\/www.fuerte-group.com\/"],"url":"https:\/\/blog.fuerte-group.com\/fr\/author\/fuertegroup\/"}]}},"amp_enabled":true,"_links":{"self":[{"href":"https:\/\/blog.fuerte-group.com\/fr\/wp-json\/wp\/v2\/posts\/8781","targetHints":{"allow":["GET"]}}],"collection":[{"href":"https:\/\/blog.fuerte-group.com\/fr\/wp-json\/wp\/v2\/posts"}],"about":[{"href":"https:\/\/blog.fuerte-group.com\/fr\/wp-json\/wp\/v2\/types\/post"}],"author":[{"embeddable":true,"href":"https:\/\/blog.fuerte-group.com\/fr\/wp-json\/wp\/v2\/users\/5"}],"replies":[{"embeddable":true,"href":"https:\/\/blog.fuerte-group.com\/fr\/wp-json\/wp\/v2\/comments?post=8781"}],"version-history":[{"count":5,"href":"https:\/\/blog.fuerte-group.com\/fr\/wp-json\/wp\/v2\/posts\/8781\/revisions"}],"predecessor-version":[{"id":11100,"href":"https:\/\/blog.fuerte-group.com\/fr\/wp-json\/wp\/v2\/posts\/8781\/revisions\/11100"}],"wp:featuredmedia":[{"embeddable":true,"href":"https:\/\/blog.fuerte-group.com\/fr\/wp-json\/wp\/v2\/media\/11065"}],"wp:attachment":[{"href":"https:\/\/blog.fuerte-group.com\/fr\/wp-json\/wp\/v2\/media?parent=8781"}],"wp:term":[{"taxonomy":"category","embeddable":true,"href":"https:\/\/blog.fuerte-group.com\/fr\/wp-json\/wp\/v2\/categories?post=8781"},{"taxonomy":"post_tag","embeddable":true,"href":"https:\/\/blog.fuerte-group.com\/fr\/wp-json\/wp\/v2\/tags?post=8781"},{"taxonomy":"hotel","embeddable":true,"href":"https:\/\/blog.fuerte-group.com\/fr\/wp-json\/wp\/v2\/hotel?post=8781"}],"curies":[{"name":"wp","href":"https:\/\/api.w.org\/{rel}","templated":true}]}}